{"id":1429,"date":"2010-05-18T12:22:58","date_gmt":"2010-05-18T14:22:58","guid":{"rendered":"http:\/\/www.carlamago.com.br\/blog\/?p=1429"},"modified":"2010-05-18T12:22:58","modified_gmt":"2010-05-18T14:22:58","slug":"quarto-projetado-para-integrar","status":"publish","type":"post","link":"https:\/\/carlamago.com.br\/blog\/?p=1429","title":{"rendered":"Quarto projetado para integrar"},"content":{"rendered":"<p><img loading=\"lazy\" class=\"alignleft size-thumbnail wp-image-1446\" title=\"CAPA\" src=\"https:\/\/carlamago.com.br\/blog\/wp-content\/uploads\/2010\/05\/CAPA-150x150.jpg\" alt=\"CAPA\" width=\"150\" height=\"150\" \/>A revista <strong>Projetos para quartos <\/strong>da editora On line, publicou um quarto projetado pelo nosso escrit\u00f3rio h\u00e1 mais de 12 anos.<br \/>\n\u00a0Neste projeto,\u00a0n\u00e3o houve um\u00a0&#8221; design de interiores &#8221; super elaborado como normalmente trabalhamos em espa\u00e7os reduzidos, onde tudo necessita ser detalhadamente desenhado para compor com todas as necessidades do contratante, de maneira organizada e harmoniosa.<br \/>\nNeste caso, a arquitetura do quarto teve a inten\u00e7\u00e3o de integrar o banheiro, para desfrutar banheira e jardim ( com possibilidade tamb\u00e9m de privacidade, quando necess\u00e1rio), terra\u00e7o para desfrutar o jardim externo e uma sala de medita\u00e7\u00e3o e pr\u00e1ticas espirituais com acesso por uma escada Santos Dumont.<br \/>\nAbaixo p\u00e1ginas do projeto na revista :<br \/>\n <\/p>\n","protected":false},"excerpt":{"rendered":"<p>A revista Projetos para quartos da editora On line, publicou um quarto projetado pelo nosso escrit\u00f3rio h\u00e1 mais de 12 anos. \u00a0Neste projeto,\u00a0n\u00e3o houve um\u00a0&#8221; design de interiores &#8221; super elaborado como normalmente trabalhamos em espa\u00e7os reduzidos, onde tudo necessita ser detalhadamente desenhado para compor com todas as necessidades do contratante, de maneira organizada e<\/p>\n<footer class=\"entry-footer index-entry\">\n<div class=\"post-social pull-left\"><a href=\"https:\/\/www.facebook.com\/sharer\/sharer.php?u=https%3A%2F%2Fcarlamago.com.br%2Fblog%2F%3Fp%3D1429\" target=\"_blank\" class=\"social-icons\"><i class=\"fa fa-facebook\" aria-hidden=\"true\"><\/i><\/a><a href=\"https:\/\/twitter.com\/home?status=https%3A%2F%2Fcarlamago.com.br%2Fblog%2F%3Fp%3D1429\" target=\"_blank\" class=\"social-icons\"><i class=\"fa fa-twitter\" aria-hidden=\"true\"><\/i><\/a><a href=\"https:\/\/www.linkedin.com\/shareArticle?mini=true&#038;url=https%3A%2F%2Fcarlamago.com.br%2Fblog%2F%3Fp%3D1429&#038;title=Quarto+projetado+para+integrar\" target=\"_blank\" class=\"social-icons\"><i class=\"fa fa-linkedin\" aria-hidden=\"true\"><\/i><\/a><\/div>\n<p class=\"link-more\"><a href=\"https:\/\/carlamago.com.br\/blog\/?p=1429\" class=\"more-link\">Continue reading <span class=\"meta-nav\">\u2192<\/span><\/a><\/p>\n<\/footer>\n","protected":false},"author":2,"featured_media":0,"comment_status":"open","ping_status":"open","sticky":false,"template":"","format":"standard","meta":[],"categories":[3,5,8,12],"tags":[],"_links":{"self":[{"href":"https:\/\/carlamago.com.br\/blog\/index.php?rest_route=\/wp\/v2\/posts\/1429"}],"collection":[{"href":"https:\/\/carlamago.com.br\/blog\/index.php?rest_route=\/wp\/v2\/posts"}],"about":[{"href":"https:\/\/carlamago.com.br\/blog\/index.php?rest_route=\/wp\/v2\/types\/post"}],"author":[{"embeddable":true,"href":"https:\/\/carlamago.com.br\/blog\/index.php?rest_route=\/wp\/v2\/users\/2"}],"replies":[{"embeddable":true,"href":"https:\/\/carlamago.com.br\/blog\/index.php?rest_route=%2Fwp%2Fv2%2Fcomments&post=1429"}],"version-history":[{"count":0,"href":"https:\/\/carlamago.com.br\/blog\/index.php?rest_route=\/wp\/v2\/posts\/1429\/revisions"}],"wp:attachment":[{"href":"https:\/\/carlamago.com.br\/blog\/index.php?rest_route=%2Fwp%2Fv2%2Fmedia&parent=1429"}],"wp:term":[{"taxonomy":"category","embeddable":true,"href":"https:\/\/carlamago.com.br\/blog\/index.php?rest_route=%2Fwp%2Fv2%2Fcategories&post=1429"},{"taxonomy":"post_tag","embeddable":true,"href":"https:\/\/carlamago.com.br\/blog\/index.php?rest_route=%2Fwp%2Fv2%2Ftags&post=1429"}],"curies":[{"name":"wp","href":"https:\/\/api.w.org\/{rel}","templated":true}]}}