{"id":1482,"date":"2010-06-23T16:28:01","date_gmt":"2010-06-23T18:28:01","guid":{"rendered":"http:\/\/www.carlamago.com.br\/blog\/?p=1482"},"modified":"2010-06-23T16:28:01","modified_gmt":"2010-06-23T18:28:01","slug":"banheiro-organizado","status":"publish","type":"post","link":"https:\/\/carlamago.com.br\/blog\/?p=1482","title":{"rendered":"Banheiro organizado"},"content":{"rendered":"<p><img loading=\"lazy\" class=\"size-full wp-image-1484 alignnone\" src=\"http:\/\/carlamago.com.br\/blog\/wp-content\/uploads\/2010\/06\/banheiro.bmp\" alt=\"\" width=\"499\" height=\"172\" \/><br \/>\nSe acreditamos que a afirma\u00e7\u00e3o &#8221; A nossa casa \u00e9 o reflexo da nossa vida &#8221; \u00e9 verdadeira, ent\u00e3o precisamos nos empenhar em zelar pelo nosso espa\u00e7o.<br \/>\nUm espa\u00e7o desorganizado, entulhado de coisas que consumimos e que muitas vezes n\u00e3o usufruimos, polui o visual e cria uma barreira para harmonia.<br \/>\nNossa casa deve ser um ref\u00fagio de paz e aconchego, sendo a organiza\u00e7\u00e3o uma virtude importante para este objetivo.<br \/>\nO primeiro passo \u00e9 se perguntar : &#8211; Necessito de tudo que possuo ?<br \/>\nSe n\u00e3o, j\u00e1 sabemos :\u00a0 doar ou reciclar \u00a0&#8230; se sim precisamos criar um espa\u00e7o adequado para guardar com carinho e funcionalmente os nossos pertences.<br \/>\nA foto acima \u00e9 um exemplo &#8230; Antes : cremes e produtos do dia\u00a0a dia sobre a bancada &#8230; espa\u00e7o sob a bancada at\u00e9 existia, mas segundo a cliente n\u00e3o era pr\u00e1tico fazer este trabalho pela manh\u00e3, com pressa para trabalhar. Depois da reforma : o projeto facilitou este trabalho, j\u00e1 que criou-se um arm\u00e1rio na altura dos olhos que ficou funcional e que tamb\u00e9m\u00a0possibilita\u00a0apoio de\u00a0vasos, que deram charme e vida para o banheiro.<br \/>\nAbaixo mais fotos deste projeto :<br \/>\n <\/p>\n","protected":false},"excerpt":{"rendered":"<p>Se acreditamos que a afirma\u00e7\u00e3o &#8221; A nossa casa \u00e9 o reflexo da nossa vida &#8221; \u00e9 verdadeira, ent\u00e3o precisamos nos empenhar em zelar pelo nosso espa\u00e7o. Um espa\u00e7o desorganizado, entulhado de coisas que consumimos e que muitas vezes n\u00e3o usufruimos, polui o visual e cria uma barreira para harmonia. Nossa casa deve ser um<\/p>\n<footer class=\"entry-footer index-entry\">\n<div class=\"post-social pull-left\"><a href=\"https:\/\/www.facebook.com\/sharer\/sharer.php?u=https%3A%2F%2Fcarlamago.com.br%2Fblog%2F%3Fp%3D1482\" target=\"_blank\" class=\"social-icons\"><i class=\"fa fa-facebook\" aria-hidden=\"true\"><\/i><\/a><a href=\"https:\/\/twitter.com\/home?status=https%3A%2F%2Fcarlamago.com.br%2Fblog%2F%3Fp%3D1482\" target=\"_blank\" class=\"social-icons\"><i class=\"fa fa-twitter\" aria-hidden=\"true\"><\/i><\/a><a href=\"https:\/\/www.linkedin.com\/shareArticle?mini=true&#038;url=https%3A%2F%2Fcarlamago.com.br%2Fblog%2F%3Fp%3D1482&#038;title=Banheiro+organizado\" target=\"_blank\" class=\"social-icons\"><i class=\"fa fa-linkedin\" aria-hidden=\"true\"><\/i><\/a><\/div>\n<p class=\"link-more\"><a href=\"https:\/\/carlamago.com.br\/blog\/?p=1482\" class=\"more-link\">Continue reading <span class=\"meta-nav\">\u2192<\/span><\/a><\/p>\n<\/footer>\n","protected":false},"author":2,"featured_media":0,"comment_status":"open","ping_status":"open","sticky":false,"template":"","format":"standard","meta":[],"categories":[2,3,6,8,11,12],"tags":[],"_links":{"self":[{"href":"https:\/\/carlamago.com.br\/blog\/index.php?rest_route=\/wp\/v2\/posts\/1482"}],"collection":[{"href":"https:\/\/carlamago.com.br\/blog\/index.php?rest_route=\/wp\/v2\/posts"}],"about":[{"href":"https:\/\/carlamago.com.br\/blog\/index.php?rest_route=\/wp\/v2\/types\/post"}],"author":[{"embeddable":true,"href":"https:\/\/carlamago.com.br\/blog\/index.php?rest_route=\/wp\/v2\/users\/2"}],"replies":[{"embeddable":true,"href":"https:\/\/carlamago.com.br\/blog\/index.php?rest_route=%2Fwp%2Fv2%2Fcomments&post=1482"}],"version-history":[{"count":0,"href":"https:\/\/carlamago.com.br\/blog\/index.php?rest_route=\/wp\/v2\/posts\/1482\/revisions"}],"wp:attachment":[{"href":"https:\/\/carlamago.com.br\/blog\/index.php?rest_route=%2Fwp%2Fv2%2Fmedia&parent=1482"}],"wp:term":[{"taxonomy":"category","embeddable":true,"href":"https:\/\/carlamago.com.br\/blog\/index.php?rest_route=%2Fwp%2Fv2%2Fcategories&post=1482"},{"taxonomy":"post_tag","embeddable":true,"href":"https:\/\/carlamago.com.br\/blog\/index.php?rest_route=%2Fwp%2Fv2%2Ftags&post=1482"}],"curies":[{"name":"wp","href":"https:\/\/api.w.org\/{rel}","templated":true}]}}