{"id":1713,"date":"2010-10-26T15:57:32","date_gmt":"2010-10-26T17:57:32","guid":{"rendered":"http:\/\/www.carlamago.com.br\/blog\/?p=1713"},"modified":"2010-10-26T15:57:32","modified_gmt":"2010-10-26T17:57:32","slug":"colhendo-talentos","status":"publish","type":"post","link":"https:\/\/carlamago.com.br\/blog\/?p=1713","title":{"rendered":"Colhendo talentos"},"content":{"rendered":"<p><a href=\"http:\/\/carlamago.com.br\/blog\/wp-content\/uploads\/2010\/10\/junho-2010-086-scaled-1.jpg\"><img loading=\"lazy\" class=\"alignleft size-large wp-image-1717\" src=\"https:\/\/carlamago.com.br\/blog\/wp-content\/uploads\/2010\/10\/junho-2010-086-1024x768.jpg\" alt=\"\" width=\"430\" height=\"323\" \/><\/a>Plantamos &#8230; mas desta vez n\u00e3o foram mudas de manjeric\u00e3o, hortel\u00e3, pimenta e alecrim que adoro colocar em vasos nas varandas gourmet que tenho decorado &#8230; \u00a0como nesta\u00a0foto do post\u00a0.<br \/>\nPlantamos &#8230; e quando digo plantamos no plural \u00e9 porque muitos jardineiros est\u00e3o envolvidos no\u00a0&#8220;jardim&#8221; que estamos executando. Engenheiro, arquiteto, empreiteiro, pedreiro, ajudante, serralheiro &#8230; e todos estes profissionais, al\u00e9m da aptid\u00e3o para o cargo que ocupam, tamb\u00e9m tiveram seu talento descoberto pelo olhar &#8230; que tamb\u00e9m mora no cora\u00e7\u00e3o, da sens\u00edvel propriet\u00e1ria e tamb\u00e9m facilitadora de relacionamentos Fatima Lee, cliente e amiga querida.<br \/>\nEstamos construindo o seu Espa\u00e7o Matrix, j\u00e1 citado no post deste blog e a obra tem sido um apreendizado para cada um dos envolvidos, j\u00e1 que cada trabalhador tem seus talentos reconhecidos e simbolicamente plantados num vaso com uma plaquinha com os dizeres da sua qualifica\u00e7\u00e3o. O Fernando da empresa Francarelli Rodrigues plantou PRATICIDADE, o empreiteiro Ac\u00e1cio SENSIBILIDADE, o pedreiro William FOR\u00c7A,o ajudante Adelmo ALICERCE,\u00a0o serralheiro C\u00edcero da Loart plantou TRANSPAR\u00caNCIA, o Sandro da Bambu Kanela\u00a0LEVEZA &#8230; eu plantei \u00a0HARMONIA &#8230; a F\u00e1tima CRIATIVIDADE, mas tamb\u00e9m poderia ser PERCEP\u00c7\u00c3O para Ca\u00e7adora de Talentos.<br \/>\nAcreditamos que sementinhas foram plantadas em cada um de n\u00f3s, basta regar, cuidar com amor, integr\u00e1-las harmoniozamente no jardim e\u00a0 esperar para colheita dos frutos.<br \/>\nVeja fotos de alguns jardineiros e da nossa\u00a0planta\u00e7\u00e3o :<br \/>\n <\/p>\n","protected":false},"excerpt":{"rendered":"<p>Plantamos &#8230; mas desta vez n\u00e3o foram mudas de manjeric\u00e3o, hortel\u00e3, pimenta e alecrim que adoro colocar em vasos nas varandas gourmet que tenho decorado &#8230; \u00a0como nesta\u00a0foto do post\u00a0. Plantamos &#8230; e quando digo plantamos no plural \u00e9 porque muitos jardineiros est\u00e3o envolvidos no\u00a0&#8220;jardim&#8221; que estamos executando. Engenheiro, arquiteto, empreiteiro, pedreiro, ajudante, serralheiro &#8230;<\/p>\n<footer class=\"entry-footer index-entry\">\n<div class=\"post-social pull-left\"><a href=\"https:\/\/www.facebook.com\/sharer\/sharer.php?u=https%3A%2F%2Fcarlamago.com.br%2Fblog%2F%3Fp%3D1713\" target=\"_blank\" class=\"social-icons\"><i class=\"fa fa-facebook\" aria-hidden=\"true\"><\/i><\/a><a href=\"https:\/\/twitter.com\/home?status=https%3A%2F%2Fcarlamago.com.br%2Fblog%2F%3Fp%3D1713\" target=\"_blank\" class=\"social-icons\"><i class=\"fa fa-twitter\" aria-hidden=\"true\"><\/i><\/a><a href=\"https:\/\/www.linkedin.com\/shareArticle?mini=true&#038;url=https%3A%2F%2Fcarlamago.com.br%2Fblog%2F%3Fp%3D1713&#038;title=Colhendo+talentos\" target=\"_blank\" class=\"social-icons\"><i class=\"fa fa-linkedin\" aria-hidden=\"true\"><\/i><\/a><\/div>\n<p class=\"link-more\"><a href=\"https:\/\/carlamago.com.br\/blog\/?p=1713\" class=\"more-link\">Continue reading <span class=\"meta-nav\">\u2192<\/span><\/a><\/p>\n<\/footer>\n","protected":false},"author":2,"featured_media":0,"comment_status":"open","ping_status":"open","sticky":false,"template":"","format":"standard","meta":[],"categories":[3,5,6,11,17],"tags":[],"_links":{"self":[{"href":"https:\/\/carlamago.com.br\/blog\/index.php?rest_route=\/wp\/v2\/posts\/1713"}],"collection":[{"href":"https:\/\/carlamago.com.br\/blog\/index.php?rest_route=\/wp\/v2\/posts"}],"about":[{"href":"https:\/\/carlamago.com.br\/blog\/index.php?rest_route=\/wp\/v2\/types\/post"}],"author":[{"embeddable":true,"href":"https:\/\/carlamago.com.br\/blog\/index.php?rest_route=\/wp\/v2\/users\/2"}],"replies":[{"embeddable":true,"href":"https:\/\/carlamago.com.br\/blog\/index.php?rest_route=%2Fwp%2Fv2%2Fcomments&post=1713"}],"version-history":[{"count":0,"href":"https:\/\/carlamago.com.br\/blog\/index.php?rest_route=\/wp\/v2\/posts\/1713\/revisions"}],"wp:attachment":[{"href":"https:\/\/carlamago.com.br\/blog\/index.php?rest_route=%2Fwp%2Fv2%2Fmedia&parent=1713"}],"wp:term":[{"taxonomy":"category","embeddable":true,"href":"https:\/\/carlamago.com.br\/blog\/index.php?rest_route=%2Fwp%2Fv2%2Fcategories&post=1713"},{"taxonomy":"post_tag","embeddable":true,"href":"https:\/\/carlamago.com.br\/blog\/index.php?rest_route=%2Fwp%2Fv2%2Ftags&post=1713"}],"curies":[{"name":"wp","href":"https:\/\/api.w.org\/{rel}","templated":true}]}}