{"id":2410,"date":"2012-01-24T13:13:37","date_gmt":"2012-01-24T15:13:37","guid":{"rendered":"http:\/\/www.carlamago.com.br\/blog\/?p=2410"},"modified":"2012-01-24T13:13:37","modified_gmt":"2012-01-24T15:13:37","slug":"te-amo-sao-paulo","status":"publish","type":"post","link":"https:\/\/carlamago.com.br\/blog\/?p=2410","title":{"rendered":"&#8220;Te amo S\u00e3o Paulo !&#8221;"},"content":{"rendered":"<p><em><a href=\"http:\/\/carlamago.com.br\/blog\/wp-content\/uploads\/2012\/01\/varanda-com-sol.jpg\"><img loading=\"lazy\" class=\"size-full wp-image-2411 alignright\" title=\"+ varanda com sol\" src=\"http:\/\/carlamago.com.br\/blog\/wp-content\/uploads\/2012\/01\/varanda-com-sol.jpg\" alt=\"\" width=\"327\" height=\"207\" \/><\/a>&#8221; S\u00e3o Paulo, te amo<br \/>\nTe amo, S\u00e3o Paulo<br \/>\nNa tarde t\u00e3o fria<br \/>\nBusquei teu calor,<br \/>\nteu amor em S\u00e3o Paulo<br \/>\nS\u00e3o Paulo, te amo<br \/>\nPasi\u00f3n de mi vida<br \/>\nI love you, querida<br \/>\nJe t&#8217;aime S\u00e3o Paulo<br \/>\nIo ti amo S\u00e3o Paulo<br \/>\nI love you<br \/>\nTe amo, S\u00e3o Paulo<br \/>\nTe amo<br \/>\nTe adoro, te adoro<br \/>\nS\u00e3o Paulo, S\u00e3o Paulo,<br \/>\nS\u00e3o Paulo<br \/>\nLaiala laia la<br \/>\nSonhei com voc\u00ea<br \/>\nem S\u00e3o Paulo &#8220;<\/em><br \/>\nEssa acima \u00e9 de Tom Jobim &#8230; li v\u00e1rias para homenagear S\u00e3o Paulo, antes de postar aqui &#8230; que fala da terra da garoa &#8230; dos aranha -c\u00e9us &#8230; do movimento &#8230; da divers\u00e3o &#8230; \u00a0da cultura &#8230; das luzes que n\u00e3o se apagam &#8230; enfim, escolhi essa porque eu tamb\u00e9m amo S\u00e3o Paulo &#8230; nem sei dizer muito porque !!!<br \/>\nNa ilustra\u00e7\u00e3o perspectiva de uma varanda com vista para S\u00c3O PAULO &#8230; com o acolhimento de tanto verde assim, d\u00e1 pr\u00e1 relaxar, meditar, se integrar com a natureza e compensar tudo oque n\u00e3o \u00e9 t\u00e3o bom assim &#8230;\u00a0em SAMPA !<\/p>\n","protected":false},"excerpt":{"rendered":"<p>&#8221; S\u00e3o Paulo, te amo Te amo, S\u00e3o Paulo Na tarde t\u00e3o fria Busquei teu calor, teu amor em S\u00e3o Paulo S\u00e3o Paulo, te amo Pasi\u00f3n de mi vida I love you, querida Je t&#8217;aime S\u00e3o Paulo Io ti amo S\u00e3o Paulo I love you Te amo, S\u00e3o Paulo Te amo Te adoro, te adoro<\/p>\n<footer class=\"entry-footer index-entry\">\n<div class=\"post-social pull-left\"><a href=\"https:\/\/www.facebook.com\/sharer\/sharer.php?u=https%3A%2F%2Fcarlamago.com.br%2Fblog%2F%3Fp%3D2410\" target=\"_blank\" class=\"social-icons\"><i class=\"fa fa-facebook\" aria-hidden=\"true\"><\/i><\/a><a href=\"https:\/\/twitter.com\/home?status=https%3A%2F%2Fcarlamago.com.br%2Fblog%2F%3Fp%3D2410\" target=\"_blank\" class=\"social-icons\"><i class=\"fa fa-twitter\" aria-hidden=\"true\"><\/i><\/a><a href=\"https:\/\/www.linkedin.com\/shareArticle?mini=true&#038;url=https%3A%2F%2Fcarlamago.com.br%2Fblog%2F%3Fp%3D2410&#038;title=%26%238220%3BTe+amo+S%C3%A3o+Paulo+%21%26%238221%3B\" target=\"_blank\" class=\"social-icons\"><i class=\"fa fa-linkedin\" aria-hidden=\"true\"><\/i><\/a><\/div>\n<p class=\"link-more\"><a href=\"https:\/\/carlamago.com.br\/blog\/?p=2410\" class=\"more-link\">Continue reading <span class=\"meta-nav\">\u2192<\/span><\/a><\/p>\n<\/footer>\n","protected":false},"author":2,"featured_media":0,"comment_status":"open","ping_status":"open","sticky":false,"template":"","format":"standard","meta":[],"categories":[5,11,17,19],"tags":[],"_links":{"self":[{"href":"https:\/\/carlamago.com.br\/blog\/index.php?rest_route=\/wp\/v2\/posts\/2410"}],"collection":[{"href":"https:\/\/carlamago.com.br\/blog\/index.php?rest_route=\/wp\/v2\/posts"}],"about":[{"href":"https:\/\/carlamago.com.br\/blog\/index.php?rest_route=\/wp\/v2\/types\/post"}],"author":[{"embeddable":true,"href":"https:\/\/carlamago.com.br\/blog\/index.php?rest_route=\/wp\/v2\/users\/2"}],"replies":[{"embeddable":true,"href":"https:\/\/carlamago.com.br\/blog\/index.php?rest_route=%2Fwp%2Fv2%2Fcomments&post=2410"}],"version-history":[{"count":0,"href":"https:\/\/carlamago.com.br\/blog\/index.php?rest_route=\/wp\/v2\/posts\/2410\/revisions"}],"wp:attachment":[{"href":"https:\/\/carlamago.com.br\/blog\/index.php?rest_route=%2Fwp%2Fv2%2Fmedia&parent=2410"}],"wp:term":[{"taxonomy":"category","embeddable":true,"href":"https:\/\/carlamago.com.br\/blog\/index.php?rest_route=%2Fwp%2Fv2%2Fcategories&post=2410"},{"taxonomy":"post_tag","embeddable":true,"href":"https:\/\/carlamago.com.br\/blog\/index.php?rest_route=%2Fwp%2Fv2%2Ftags&post=2410"}],"curies":[{"name":"wp","href":"https:\/\/api.w.org\/{rel}","templated":true}]}}