{"id":2557,"date":"2012-04-24T13:19:55","date_gmt":"2012-04-24T15:19:55","guid":{"rendered":"http:\/\/www.carlamago.com.br\/blog\/?p=2557"},"modified":"2012-04-24T13:19:55","modified_gmt":"2012-04-24T15:19:55","slug":"2557","status":"publish","type":"post","link":"https:\/\/carlamago.com.br\/blog\/?p=2557","title":{"rendered":"M\u00e3os em ora\u00e7\u00e3o ?"},"content":{"rendered":"<p><a href=\"http:\/\/carlamago.com.br\/blog\/wp-content\/uploads\/2012\/04\/abril-2012-034.jpg\"><img loading=\"lazy\" class=\"alignleft size-full wp-image-2559\" src=\"http:\/\/carlamago.com.br\/blog\/wp-content\/uploads\/2012\/04\/abril-2012-034.jpg\" alt=\"\" width=\"384\" height=\"320\" \/><\/a>Localizada na Esplanada dos Minist\u00e9rios, em Bras\u00edlia, a Catedral Metropolitana Nossa Senhora Aparecida possui 40metros de altura e 70 metros de di\u00e2metro e suas colunas, que tanto\u00a0 chamam aten\u00e7\u00e3o, inspiram\u00a0 explica\u00e7\u00f5es variadas.<br \/>\nCoroa de espinhos usada por Jesus &#8230; m\u00e3os em ora\u00e7\u00e3o dirigidas ao c\u00e9u&#8230; qual ser\u00e1 a conota\u00e7\u00e3o que Oscar Niemeyer desejou expressar quando projetou essa obra ?<br \/>\nGosto de imaginar, atrav\u00e9s do design, que o estreitamento superior\u00a0 formado pelas colunas expressam a inten\u00e7\u00e3o de canalizar a energia Divina, criando um\u00a0 momento de satura\u00e7\u00e3o\u00a0e em seguida\u00a0 luzes s\u00e3o derramadas, descendo pelas colunas e\u00a0 sendo distribuida para todos que estiverem conectados.<br \/>\n\u00c9 muito bom captar o belo e a luz da express\u00e3o do artista, do arquiteto, do m\u00fasico, atrav\u00e9s da nossa lente &#8230; do que toca\u00a0o nosso cora\u00e7\u00e3o e deixar ser, \u00a0j\u00e1 que \u00e9 bom !!!<\/p>\n","protected":false},"excerpt":{"rendered":"<p>Localizada na Esplanada dos Minist\u00e9rios, em Bras\u00edlia, a Catedral Metropolitana Nossa Senhora Aparecida possui 40metros de altura e 70 metros de di\u00e2metro e suas colunas, que tanto\u00a0 chamam aten\u00e7\u00e3o, inspiram\u00a0 explica\u00e7\u00f5es variadas. Coroa de espinhos usada por Jesus &#8230; m\u00e3os em ora\u00e7\u00e3o dirigidas ao c\u00e9u&#8230; qual ser\u00e1 a conota\u00e7\u00e3o que Oscar Niemeyer desejou expressar quando<\/p>\n<footer class=\"entry-footer index-entry\">\n<div class=\"post-social pull-left\"><a href=\"https:\/\/www.facebook.com\/sharer\/sharer.php?u=https%3A%2F%2Fcarlamago.com.br%2Fblog%2F%3Fp%3D2557\" target=\"_blank\" class=\"social-icons\"><i class=\"fa fa-facebook\" aria-hidden=\"true\"><\/i><\/a><a href=\"https:\/\/twitter.com\/home?status=https%3A%2F%2Fcarlamago.com.br%2Fblog%2F%3Fp%3D2557\" target=\"_blank\" class=\"social-icons\"><i class=\"fa fa-twitter\" aria-hidden=\"true\"><\/i><\/a><a href=\"https:\/\/www.linkedin.com\/shareArticle?mini=true&#038;url=https%3A%2F%2Fcarlamago.com.br%2Fblog%2F%3Fp%3D2557&#038;title=M%C3%A3os+em+ora%C3%A7%C3%A3o+%3F\" target=\"_blank\" class=\"social-icons\"><i class=\"fa fa-linkedin\" aria-hidden=\"true\"><\/i><\/a><\/div>\n<p class=\"link-more\"><a href=\"https:\/\/carlamago.com.br\/blog\/?p=2557\" class=\"more-link\">Continue reading <span class=\"meta-nav\">\u2192<\/span><\/a><\/p>\n<\/footer>\n","protected":false},"author":2,"featured_media":0,"comment_status":"open","ping_status":"open","sticky":false,"template":"","format":"standard","meta":[],"categories":[3,6,11],"tags":[],"_links":{"self":[{"href":"https:\/\/carlamago.com.br\/blog\/index.php?rest_route=\/wp\/v2\/posts\/2557"}],"collection":[{"href":"https:\/\/carlamago.com.br\/blog\/index.php?rest_route=\/wp\/v2\/posts"}],"about":[{"href":"https:\/\/carlamago.com.br\/blog\/index.php?rest_route=\/wp\/v2\/types\/post"}],"author":[{"embeddable":true,"href":"https:\/\/carlamago.com.br\/blog\/index.php?rest_route=\/wp\/v2\/users\/2"}],"replies":[{"embeddable":true,"href":"https:\/\/carlamago.com.br\/blog\/index.php?rest_route=%2Fwp%2Fv2%2Fcomments&post=2557"}],"version-history":[{"count":0,"href":"https:\/\/carlamago.com.br\/blog\/index.php?rest_route=\/wp\/v2\/posts\/2557\/revisions"}],"wp:attachment":[{"href":"https:\/\/carlamago.com.br\/blog\/index.php?rest_route=%2Fwp%2Fv2%2Fmedia&parent=2557"}],"wp:term":[{"taxonomy":"category","embeddable":true,"href":"https:\/\/carlamago.com.br\/blog\/index.php?rest_route=%2Fwp%2Fv2%2Fcategories&post=2557"},{"taxonomy":"post_tag","embeddable":true,"href":"https:\/\/carlamago.com.br\/blog\/index.php?rest_route=%2Fwp%2Fv2%2Ftags&post=2557"}],"curies":[{"name":"wp","href":"https:\/\/api.w.org\/{rel}","templated":true}]}}