{"id":2738,"date":"2012-09-18T12:00:03","date_gmt":"2012-09-18T14:00:03","guid":{"rendered":"http:\/\/www.carlamago.com.br\/blog\/?p=2738"},"modified":"2012-09-18T12:00:03","modified_gmt":"2012-09-18T14:00:03","slug":"2738","status":"publish","type":"post","link":"https:\/\/carlamago.com.br\/blog\/?p=2738","title":{"rendered":"Fam\u00edlia e Crescimento"},"content":{"rendered":"<div>\n<div>\n<div class=\"-cx-PRIVATE-fbTimelineText__featured\">\n<div id=\"id_505876b7de5011a38586346\">\n<div><a href=\"http:\/\/carlamago.com.br\/blog\/wp-content\/uploads\/2012\/09\/blog-familia-1.jpg\"><img loading=\"lazy\" class=\"aligncenter size-full wp-image-2748\" title=\"blog familia 1\" src=\"http:\/\/carlamago.com.br\/blog\/wp-content\/uploads\/2012\/09\/blog-familia-1.jpg\" alt=\"\" width=\"442\" height=\"336\" \/><\/a><\/div>\n<div>No Feng Shui temos um gu\u00e1 denominado Fam\u00edlia que simbolicamente podemos intensifica-lo de diversas maneiras como :\u00a0utilizando a cor verde, plantas, o n\u00famero 3, o trigrama trov\u00e3o e\u00a0o\u00a0elemento madeira.<\/div>\n<div>\u00a0Na ilustra\u00e7\u00e3o do post,\u00a0a cristaleira\u00a0 e o prato representam uma mem\u00f3ria\u00a0ancestral, bem como o fundo revestido de madeira\u00a0fazem parte da harmoniza\u00e7\u00e3o desse lar que emana a beleza de reconhecer a bagagem familiar como um aspecto importante na forma\u00e7\u00e3o do nosso ser, mas que tem o intuito tamb\u00e9m de desbloquear conceitos err\u00f4neos, doen\u00e7as e h\u00e1bitos familiares que nos impedem de sermos livres e felizes.<\/div>\n<div>Para elucidar ainda mais esse gu\u00e1,\u00a0 segue reflex\u00e3o da amiga e cliente F\u00e1tima Lee, que ap\u00f3s aplica\u00e7\u00e3o da harmoniza\u00e7\u00e3o em seu espa\u00e7o, sente-se \u00e0 vontade para compartilhar sua viv\u00eancia com a experi\u00eancia do Feng Shui.<\/div>\n<div><em>&#8230; &#8221; Talvez, um dos motivos que elucide a import\u00e2ncia dada \u00e0 fam\u00edlia &#8211; que recebe um \u2018gua\u2019 especifico no \u2018bagua\u2019 &#8211; encontre acolhida no fato de que, a fam\u00edlia \u00e9 o caminho para o nosso aprendizado na Vida nesse processo evolutivo do qual todos fazemos parte.<\/em><\/div>\n<p><em>\u00c9 atrav\u00e9s da fam\u00edlia que encontramos nossa individualiza\u00e7\u00e3o para, a partir dessa \u2018separa\u00e7\u00e3o\u2019 representada pelo rompimento do cord\u00e3o umbilical, reconstruirmos durante a trajet\u00f3ria na vida, a percep\u00e7\u00e3o mais sublimada do significado de UNI\u00c3O, que transcende la\u00e7os \u2018umbilicais\u2019 na materialidade.<\/em><br \/>\n<em>\u00c9 a fam\u00edlia que nos proporciona toda a bagagem de aprendizado atrav\u00e9s da gen\u00e9tica e das caracter\u00edsticas que trouxemos de padr\u00f5es ancestrais, como oportunidade cont\u00ednua de sublimarmos aspectos de energias mal aplicadas para a revela\u00e7\u00e3o da nossa verdadeira natureza.<\/em><br \/>\n<em>Sendo assim, \u00e9 por interm\u00e9dio da fam\u00edlia que tamb\u00e9m, encontramos a liberdade para novas compreens\u00f5es acerca de nossos potenciais para express\u00e3o de nossas melhores qualidades, sempre t\u00e3o singulares.<\/em><br \/>\n<em>Mas, para atingirmos essa percep\u00e7\u00e3o maior que nos confere a verdadeira maturidade \u00e9 preciso aprender a lidar sabiamente com as turbul\u00eancias representadas pelo elemento \u2018trov\u00e3o\u2019 nesse \u2018gu\u00e1\u2019, que em sua ambig\u00fcidade, tamb\u00e9m sinaliza a oportunidade para rompermos com os padr\u00f5es antigos limitantes que, instantaneamente nos abrir\u00e3o novos caminhos para deixarmos fluir toda for\u00e7a, amor e sabedoria que herdamos de nossa \u2018gen\u00e9tica\u2019 espiritual e assim prosperarmos, verdadeiramente, aqui e agora, na Terra, com nossos melhores dons intr\u00ednsecos e inerentes.<\/em><br \/>\n<em>Em Gratid\u00e3o aos nossos ancestrais, recebemos a for\u00e7a de nossas ra\u00edzes e ganhamos as asas de nossa liberdade.&#8221;<\/em>\n<\/div>\n<\/div>\n<\/div>\n<\/div>\n","protected":false},"excerpt":{"rendered":"<p>No Feng Shui temos um gu\u00e1 denominado Fam\u00edlia que simbolicamente podemos intensifica-lo de diversas maneiras como :\u00a0utilizando a cor verde, plantas, o n\u00famero 3, o trigrama trov\u00e3o e\u00a0o\u00a0elemento madeira. \u00a0Na ilustra\u00e7\u00e3o do post,\u00a0a cristaleira\u00a0 e o prato representam uma mem\u00f3ria\u00a0ancestral, bem como o fundo revestido de madeira\u00a0fazem parte da harmoniza\u00e7\u00e3o desse lar que emana a<\/p>\n<footer class=\"entry-footer index-entry\">\n<div class=\"post-social pull-left\"><a href=\"https:\/\/www.facebook.com\/sharer\/sharer.php?u=https%3A%2F%2Fcarlamago.com.br%2Fblog%2F%3Fp%3D2738\" target=\"_blank\" class=\"social-icons\"><i class=\"fa fa-facebook\" aria-hidden=\"true\"><\/i><\/a><a href=\"https:\/\/twitter.com\/home?status=https%3A%2F%2Fcarlamago.com.br%2Fblog%2F%3Fp%3D2738\" target=\"_blank\" class=\"social-icons\"><i class=\"fa fa-twitter\" aria-hidden=\"true\"><\/i><\/a><a href=\"https:\/\/www.linkedin.com\/shareArticle?mini=true&#038;url=https%3A%2F%2Fcarlamago.com.br%2Fblog%2F%3Fp%3D2738&#038;title=Fam%C3%ADlia+e+Crescimento\" target=\"_blank\" class=\"social-icons\"><i class=\"fa fa-linkedin\" aria-hidden=\"true\"><\/i><\/a><\/div>\n<p class=\"link-more\"><a href=\"https:\/\/carlamago.com.br\/blog\/?p=2738\" class=\"more-link\">Continue reading <span class=\"meta-nav\">\u2192<\/span><\/a><\/p>\n<\/footer>\n","protected":false},"author":2,"featured_media":0,"comment_status":"open","ping_status":"open","sticky":false,"template":"","format":"standard","meta":[],"categories":[5,6,8,11,12,19],"tags":[],"_links":{"self":[{"href":"https:\/\/carlamago.com.br\/blog\/index.php?rest_route=\/wp\/v2\/posts\/2738"}],"collection":[{"href":"https:\/\/carlamago.com.br\/blog\/index.php?rest_route=\/wp\/v2\/posts"}],"about":[{"href":"https:\/\/carlamago.com.br\/blog\/index.php?rest_route=\/wp\/v2\/types\/post"}],"author":[{"embeddable":true,"href":"https:\/\/carlamago.com.br\/blog\/index.php?rest_route=\/wp\/v2\/users\/2"}],"replies":[{"embeddable":true,"href":"https:\/\/carlamago.com.br\/blog\/index.php?rest_route=%2Fwp%2Fv2%2Fcomments&post=2738"}],"version-history":[{"count":0,"href":"https:\/\/carlamago.com.br\/blog\/index.php?rest_route=\/wp\/v2\/posts\/2738\/revisions"}],"wp:attachment":[{"href":"https:\/\/carlamago.com.br\/blog\/index.php?rest_route=%2Fwp%2Fv2%2Fmedia&parent=2738"}],"wp:term":[{"taxonomy":"category","embeddable":true,"href":"https:\/\/carlamago.com.br\/blog\/index.php?rest_route=%2Fwp%2Fv2%2Fcategories&post=2738"},{"taxonomy":"post_tag","embeddable":true,"href":"https:\/\/carlamago.com.br\/blog\/index.php?rest_route=%2Fwp%2Fv2%2Ftags&post=2738"}],"curies":[{"name":"wp","href":"https:\/\/api.w.org\/{rel}","templated":true}]}}