{"id":2949,"date":"2013-02-05T10:28:06","date_gmt":"2013-02-05T12:28:06","guid":{"rendered":"http:\/\/www.carlamago.com.br\/blog\/?p=2949"},"modified":"2013-02-05T10:28:06","modified_gmt":"2013-02-05T12:28:06","slug":"azul","status":"publish","type":"post","link":"https:\/\/carlamago.com.br\/blog\/?p=2949","title":{"rendered":"Azul"},"content":{"rendered":"<p><em><a href=\"http:\/\/carlamago.com.br\/blog\/wp-content\/uploads\/2013\/02\/Azul.jpg\"><img loading=\"lazy\" class=\"aligncenter size-full wp-image-2950\" title=\"Azul\" src=\"http:\/\/carlamago.com.br\/blog\/wp-content\/uploads\/2013\/02\/Azul.jpg\" alt=\"\" width=\"448\" height=\"336\" \/><\/a><\/em><br \/>\n<em>&#8220;Eu n\u00e3o sei se vem de Deus<\/em><br \/>\n<em>\u00a0Do c\u00e9u ficar azul <\/em><br \/>\n<em>Ou vir\u00e1 dos olhos teus<\/em><br \/>\n<em>\u00a0Essa cor que azuleja o dia<\/em><br \/>\n<em>\u00a0Se acaso anoitecer <\/em><br \/>\n<em>Do c\u00e9u perder o azul <\/em><br \/>\n<em>Entre e o mar e o entardecer <\/em><br \/>\n<em>\u00c1gua marinha v\u00e1 na maresia <\/em><br \/>\n<em>Buscar ali <\/em><br \/>\n<em>Um cheiro de azul <\/em><br \/>\n<em>Essa cor n\u00e3o sai de mim<\/em><br \/>\n<em>\u00a0Bate e finca p\u00e9 <\/em><br \/>\n<em>A sangue de rei <\/em><br \/>\n<em>At\u00e9 o sol nascer amarelinho <\/em><br \/>\n<em>Queimando mansinho <\/em><br \/>\n<em>Cedinho, cedinho, cedinho<\/em><br \/>\n<em>\u00a0Corre e vai dizer pro meu benzinho <\/em><br \/>\n<em>N\u00e3o dizer assim <\/em><br \/>\n<em>O amor \u00e9 azulzinho&#8221;<\/em><\/p>\n<h6>Djavan<\/h6>\n<p>No briefing &#8230; Ares do Mediterr\u00e2neo &#8230; Azul &#8230; Confort\u00e1vel para \u00a0fam\u00edlia e amigos &#8230; Sala e Varanda integrada<br \/>\n&#8230; Assim \u00e9 !!!<\/p>\n","protected":false},"excerpt":{"rendered":"<p>&#8220;Eu n\u00e3o sei se vem de Deus \u00a0Do c\u00e9u ficar azul Ou vir\u00e1 dos olhos teus \u00a0Essa cor que azuleja o dia \u00a0Se acaso anoitecer Do c\u00e9u perder o azul Entre e o mar e o entardecer \u00c1gua marinha v\u00e1 na maresia Buscar ali Um cheiro de azul Essa cor n\u00e3o sai de mim \u00a0Bate<\/p>\n<footer class=\"entry-footer index-entry\">\n<div class=\"post-social pull-left\"><a href=\"https:\/\/www.facebook.com\/sharer\/sharer.php?u=https%3A%2F%2Fcarlamago.com.br%2Fblog%2F%3Fp%3D2949\" target=\"_blank\" class=\"social-icons\"><i class=\"fa fa-facebook\" aria-hidden=\"true\"><\/i><\/a><a href=\"https:\/\/twitter.com\/home?status=https%3A%2F%2Fcarlamago.com.br%2Fblog%2F%3Fp%3D2949\" target=\"_blank\" class=\"social-icons\"><i class=\"fa fa-twitter\" aria-hidden=\"true\"><\/i><\/a><a href=\"https:\/\/www.linkedin.com\/shareArticle?mini=true&#038;url=https%3A%2F%2Fcarlamago.com.br%2Fblog%2F%3Fp%3D2949&#038;title=Azul\" target=\"_blank\" class=\"social-icons\"><i class=\"fa fa-linkedin\" aria-hidden=\"true\"><\/i><\/a><\/div>\n<p class=\"link-more\"><a href=\"https:\/\/carlamago.com.br\/blog\/?p=2949\" class=\"more-link\">Continue reading <span class=\"meta-nav\">\u2192<\/span><\/a><\/p>\n<\/footer>\n","protected":false},"author":2,"featured_media":0,"comment_status":"open","ping_status":"open","sticky":false,"template":"","format":"standard","meta":[],"categories":[5,11,12,13,17],"tags":[],"_links":{"self":[{"href":"https:\/\/carlamago.com.br\/blog\/index.php?rest_route=\/wp\/v2\/posts\/2949"}],"collection":[{"href":"https:\/\/carlamago.com.br\/blog\/index.php?rest_route=\/wp\/v2\/posts"}],"about":[{"href":"https:\/\/carlamago.com.br\/blog\/index.php?rest_route=\/wp\/v2\/types\/post"}],"author":[{"embeddable":true,"href":"https:\/\/carlamago.com.br\/blog\/index.php?rest_route=\/wp\/v2\/users\/2"}],"replies":[{"embeddable":true,"href":"https:\/\/carlamago.com.br\/blog\/index.php?rest_route=%2Fwp%2Fv2%2Fcomments&post=2949"}],"version-history":[{"count":0,"href":"https:\/\/carlamago.com.br\/blog\/index.php?rest_route=\/wp\/v2\/posts\/2949\/revisions"}],"wp:attachment":[{"href":"https:\/\/carlamago.com.br\/blog\/index.php?rest_route=%2Fwp%2Fv2%2Fmedia&parent=2949"}],"wp:term":[{"taxonomy":"category","embeddable":true,"href":"https:\/\/carlamago.com.br\/blog\/index.php?rest_route=%2Fwp%2Fv2%2Fcategories&post=2949"},{"taxonomy":"post_tag","embeddable":true,"href":"https:\/\/carlamago.com.br\/blog\/index.php?rest_route=%2Fwp%2Fv2%2Ftags&post=2949"}],"curies":[{"name":"wp","href":"https:\/\/api.w.org\/{rel}","templated":true}]}}