{"id":3179,"date":"2013-06-04T16:04:47","date_gmt":"2013-06-04T18:04:47","guid":{"rendered":"http:\/\/www.carlamago.com.br\/blog\/?p=3179"},"modified":"2013-06-04T16:04:47","modified_gmt":"2013-06-04T18:04:47","slug":"de-dentro-pra-fora-de-fora-pra-dentro","status":"publish","type":"post","link":"https:\/\/carlamago.com.br\/blog\/?p=3179","title":{"rendered":"De dentro pra fora &#8230; de fora pra dentro !"},"content":{"rendered":"<p style=\"text-align: center;\">\u00a0<\/p>\n<p style=\"text-align: center;\"><a href=\"http:\/\/carlamago.com.br\/blog\/wp-content\/uploads\/2013\/06\/POST-VIOLETA.jpg\"><img loading=\"lazy\" class=\"aligncenter size-full wp-image-3189\" title=\"POST VIOLETA\" src=\"http:\/\/carlamago.com.br\/blog\/wp-content\/uploads\/2013\/06\/POST-VIOLETA.jpg\" alt=\"\" width=\"448\" height=\"324\" \/><\/a>Transformar &#8230; \u00a0eu adoro esse tema, n\u00e3o s\u00f3 das teorias e t\u00e9cnicas que leio e ou\u00e7o por a\u00ed, mas a pr\u00e1tica de fazer acontecer e poder conferir atrav\u00e9s do Antes e Depois.<\/p>\n<p>Pode ser que n\u00e3o esteja mais funcionando e precise consertar, que esteja apenas no plano dos pensamentos e das id\u00e9ias e que necessite concretizar, que esteja desgastado, sem gra\u00e7a, sem espa\u00e7o para guardar, ultrapassado &#8230; enfim necessitando de mudan\u00e7as satisfat\u00f3rias, seja no plano f\u00edsico, no et\u00e9rico, no emocional ou no mental\u00a0&#8230; necessitando de alquimia. Quando se trata de algo como uma reforma do espa\u00e7o f\u00edsico, as altera\u00e7\u00f5es permitem resultados vis\u00edveis, ap\u00f3s um per\u00edodo de projeto, quebra, constr\u00f3i &#8230; monta, pinta e etc, como ilustra a foto do post.<br \/>\nAcredito que\u00a0 al\u00e9m das &#8220;mexidas&#8221; ( &#8220;quebra&#8221; de padr\u00f5es, &#8220;constru\u00e7\u00e3o&#8221; de novos valores, &#8220;montagem&#8221; de novos objetivos\u00a0e etc )\u00a0provocadas pelas diversas t\u00e9cnicas\u00a0terap\u00eauticas existentes que objetivam a cura do homem, mudan\u00e7as no espa\u00e7o f\u00edsico tamb\u00e9m geram transforma\u00e7\u00f5es nas pessoas que habitam o espa\u00e7o, principalmente quando h\u00e1 inten\u00e7\u00e3o em cada gesto, na arruma\u00e7\u00e3o da gaveta para organizar a vida, no vaso de flor para que haja um toque de leveza e delicadeza em sintonia, um aroma de perfume para estar acompanhado do frescor, no vento que\u00a0 permitimos\u00a0entrar pelas janelas renovando os pensamentos, no acender da vela para conectar o divino,\u00a0na m\u00fasica que vibra na frequ\u00eancia\u00a0 do pulsar do cora\u00e7\u00e3o.<br \/>\nN\u00e3o sei se essa transforma\u00e7\u00e3o do ser que viv\u00eancia essa sutileza pode ser fotografada a ponto de ser notada visualmente, por\u00e9m pode ser testada, j\u00e1 que a a\u00e7\u00e3o \u00e9 muito f\u00e1cil, prazerosa e\u00a0qualquer pessoa pode fazer acontecer, de dentro pra fora &#8230; de fora pra dentro\u00a0e ser presenteada com tamanha d\u00e1diva &#8230;\u00a0 simples assim !<\/p>\n","protected":false},"excerpt":{"rendered":"<p>\u00a0 Transformar &#8230; \u00a0eu adoro esse tema, n\u00e3o s\u00f3 das teorias e t\u00e9cnicas que leio e ou\u00e7o por a\u00ed, mas a pr\u00e1tica de fazer acontecer e poder conferir atrav\u00e9s do Antes e Depois. Pode ser que n\u00e3o esteja mais funcionando e precise consertar, que esteja apenas no plano dos pensamentos e das id\u00e9ias e que<\/p>\n<footer class=\"entry-footer index-entry\">\n<div class=\"post-social pull-left\"><a href=\"https:\/\/www.facebook.com\/sharer\/sharer.php?u=https%3A%2F%2Fcarlamago.com.br%2Fblog%2F%3Fp%3D3179\" target=\"_blank\" class=\"social-icons\"><i class=\"fa fa-facebook\" aria-hidden=\"true\"><\/i><\/a><a href=\"https:\/\/twitter.com\/home?status=https%3A%2F%2Fcarlamago.com.br%2Fblog%2F%3Fp%3D3179\" target=\"_blank\" class=\"social-icons\"><i class=\"fa fa-twitter\" aria-hidden=\"true\"><\/i><\/a><a href=\"https:\/\/www.linkedin.com\/shareArticle?mini=true&#038;url=https%3A%2F%2Fcarlamago.com.br%2Fblog%2F%3Fp%3D3179&#038;title=De+dentro+pra+fora+%26%238230%3B+de+fora+pra+dentro+%21\" target=\"_blank\" class=\"social-icons\"><i class=\"fa fa-linkedin\" aria-hidden=\"true\"><\/i><\/a><\/div>\n<p class=\"link-more\"><a href=\"https:\/\/carlamago.com.br\/blog\/?p=3179\" class=\"more-link\">Continue reading <span class=\"meta-nav\">\u2192<\/span><\/a><\/p>\n<\/footer>\n","protected":false},"author":2,"featured_media":0,"comment_status":"open","ping_status":"open","sticky":false,"template":"","format":"standard","meta":[],"categories":[2,5,6,8,9,11,12,15,16,19],"tags":[],"_links":{"self":[{"href":"https:\/\/carlamago.com.br\/blog\/index.php?rest_route=\/wp\/v2\/posts\/3179"}],"collection":[{"href":"https:\/\/carlamago.com.br\/blog\/index.php?rest_route=\/wp\/v2\/posts"}],"about":[{"href":"https:\/\/carlamago.com.br\/blog\/index.php?rest_route=\/wp\/v2\/types\/post"}],"author":[{"embeddable":true,"href":"https:\/\/carlamago.com.br\/blog\/index.php?rest_route=\/wp\/v2\/users\/2"}],"replies":[{"embeddable":true,"href":"https:\/\/carlamago.com.br\/blog\/index.php?rest_route=%2Fwp%2Fv2%2Fcomments&post=3179"}],"version-history":[{"count":0,"href":"https:\/\/carlamago.com.br\/blog\/index.php?rest_route=\/wp\/v2\/posts\/3179\/revisions"}],"wp:attachment":[{"href":"https:\/\/carlamago.com.br\/blog\/index.php?rest_route=%2Fwp%2Fv2%2Fmedia&parent=3179"}],"wp:term":[{"taxonomy":"category","embeddable":true,"href":"https:\/\/carlamago.com.br\/blog\/index.php?rest_route=%2Fwp%2Fv2%2Fcategories&post=3179"},{"taxonomy":"post_tag","embeddable":true,"href":"https:\/\/carlamago.com.br\/blog\/index.php?rest_route=%2Fwp%2Fv2%2Ftags&post=3179"}],"curies":[{"name":"wp","href":"https:\/\/api.w.org\/{rel}","templated":true}]}}