{"id":3476,"date":"2013-11-05T10:42:24","date_gmt":"2013-11-05T12:42:24","guid":{"rendered":"http:\/\/www.carlamago.com.br\/blog\/?p=3476"},"modified":"2013-11-05T10:42:24","modified_gmt":"2013-11-05T12:42:24","slug":"3476","status":"publish","type":"post","link":"https:\/\/carlamago.com.br\/blog\/?p=3476","title":{"rendered":"Receita de Harmonia"},"content":{"rendered":"<p style=\"text-align: center;\"><em><a href=\"http:\/\/carlamago.com.br\/blog\/wp-content\/uploads\/2013\/11\/983385_629663683719288_1991780800_n.jpg\"><img loading=\"lazy\" class=\"size-full wp-image-3480 aligncenter\" title=\"983385_629663683719288_1991780800_n\" src=\"http:\/\/carlamago.com.br\/blog\/wp-content\/uploads\/2013\/11\/983385_629663683719288_1991780800_n.jpg\" alt=\"\" width=\"474\" height=\"315\" \/><\/a><\/em><\/p>\n<p><span style=\"font-style: italic;\">&#8230; &#8221; Os pensamentos tem infinitas possibilidades, mas ainda assim s\u00e3o f\u00edsicos. Portanto, tenha muito cuidado com o que voc\u00ea pensa, j\u00e1 que ondas de pensamentos sutis permanecer\u00e3o com voc\u00ea mesmo depois de o corpo morrer. Sua vida f\u00edsica \u00e9 bem curta, comparada com a idade dessas ondas sutis. (&#8230;) \u00c9 como quando atiramos uma pedra no mar: quando ela cai, forma um pequeno c\u00edrculo. A pedra afundar\u00e1 porque n\u00e3o pode permanecer muito tempo na superf\u00edcie da \u00e1gua, come\u00e7ando a afundar t\u00e3o logo toca na \u00e1gua, mas as ondula\u00e7\u00f5es causadas pelo seu impacto na \u00e1gua come\u00e7am a crescer. Elas ficam cada vez maiores, e sua extens\u00e3o \u00e9 infinita, elas podem ir al\u00e9m do alcance de sua vista (&#8230;) . Os pensamentos que n\u00e3o expressamos vivem por mais tempo do que aqueles que expressamos, pois s\u00e3o mais sutis.(&#8230;) Os pensamentos produzem um \u00e9ter mais sutil, que forma uma aura de ondula\u00e7\u00f5es. Cada ser humano carrega a sua volta seu pr\u00f3prio mundo de pensamentos, a partir do qual ondula\u00e7\u00f5es seguem se espalhando continuamente.&#8221;<\/span><br \/>\nLevando em conta esse trecho do livro Desvendando Mist\u00e9rios, de Osho, podemos dar a devida import\u00e2ncia aos pensamentos, que podem ser de vibra\u00e7\u00e3o elevada ou que n\u00e3o condizem com o Bem, o Belo e a Luz.<br \/>\nPara o ser humano \u00e9 recomendada a medita\u00e7\u00e3o, como limpeza para tagarelice da mente, mas e \u00a0para os Espa\u00e7os f\u00edsicos ? Os Espa\u00e7os podem estar impregnados de formas pensamento de antigos moradores, como uma mem\u00f3ria ou por formas desarm\u00f4nicas dos atuais moradores \u00a0que, em sua maioria, tem dificuldades de dominar sua mente de emo\u00e7\u00f5es relacionadas com medos, raiva, ci\u00fame, magoas, frustra\u00e7\u00f5es e tantas outras.<br \/>\nPara que haja resultado na limpeza energ\u00e9tica, Meditador e Espa\u00e7o devem estar alinhados no prop\u00f3sito.<br \/>\nA casa recebe muito bem uma limpeza com um pano embebido numa solu\u00e7\u00e3o com ervas dilu\u00eddas em \u00e1gua, numa propor\u00e7\u00e3o com 1\/5 de \u00e1lcool, bem como utilizando recursos como ora\u00e7\u00e3o, m\u00fasica de frequ\u00eancia elevada e visualiza\u00e7\u00f5es . Eu costumo usar a lavanda e visualizo luz violeta que associo com transmuta\u00e7\u00e3o e depois de envolver toda casa visualizo luz branca para purificar &#8230; essa \u00e9 uma das minhas \u00a0receitas \u00a0!<\/p>\n<h6>Foto : Eliza Carneiro<\/h6>\n","protected":false},"excerpt":{"rendered":"<p>&#8230; &#8221; Os pensamentos tem infinitas possibilidades, mas ainda assim s\u00e3o f\u00edsicos. Portanto, tenha muito cuidado com o que voc\u00ea pensa, j\u00e1 que ondas de pensamentos sutis permanecer\u00e3o com voc\u00ea mesmo depois de o corpo morrer. Sua vida f\u00edsica \u00e9 bem curta, comparada com a idade dessas ondas sutis. (&#8230;) \u00c9 como quando atiramos uma<\/p>\n<footer class=\"entry-footer index-entry\">\n<div class=\"post-social pull-left\"><a href=\"https:\/\/www.facebook.com\/sharer\/sharer.php?u=https%3A%2F%2Fcarlamago.com.br%2Fblog%2F%3Fp%3D3476\" target=\"_blank\" class=\"social-icons\"><i class=\"fa fa-facebook\" aria-hidden=\"true\"><\/i><\/a><a href=\"https:\/\/twitter.com\/home?status=https%3A%2F%2Fcarlamago.com.br%2Fblog%2F%3Fp%3D3476\" target=\"_blank\" class=\"social-icons\"><i class=\"fa fa-twitter\" aria-hidden=\"true\"><\/i><\/a><a href=\"https:\/\/www.linkedin.com\/shareArticle?mini=true&#038;url=https%3A%2F%2Fcarlamago.com.br%2Fblog%2F%3Fp%3D3476&#038;title=Receita+de+Harmonia\" target=\"_blank\" class=\"social-icons\"><i class=\"fa fa-linkedin\" aria-hidden=\"true\"><\/i><\/a><\/div>\n<p class=\"link-more\"><a href=\"https:\/\/carlamago.com.br\/blog\/?p=3476\" class=\"more-link\">Continue reading <span class=\"meta-nav\">\u2192<\/span><\/a><\/p>\n<\/footer>\n","protected":false},"author":2,"featured_media":0,"comment_status":"open","ping_status":"open","sticky":false,"template":"","format":"standard","meta":[],"categories":[2,4,7,9,11,12,13,18,19],"tags":[],"_links":{"self":[{"href":"https:\/\/carlamago.com.br\/blog\/index.php?rest_route=\/wp\/v2\/posts\/3476"}],"collection":[{"href":"https:\/\/carlamago.com.br\/blog\/index.php?rest_route=\/wp\/v2\/posts"}],"about":[{"href":"https:\/\/carlamago.com.br\/blog\/index.php?rest_route=\/wp\/v2\/types\/post"}],"author":[{"embeddable":true,"href":"https:\/\/carlamago.com.br\/blog\/index.php?rest_route=\/wp\/v2\/users\/2"}],"replies":[{"embeddable":true,"href":"https:\/\/carlamago.com.br\/blog\/index.php?rest_route=%2Fwp%2Fv2%2Fcomments&post=3476"}],"version-history":[{"count":0,"href":"https:\/\/carlamago.com.br\/blog\/index.php?rest_route=\/wp\/v2\/posts\/3476\/revisions"}],"wp:attachment":[{"href":"https:\/\/carlamago.com.br\/blog\/index.php?rest_route=%2Fwp%2Fv2%2Fmedia&parent=3476"}],"wp:term":[{"taxonomy":"category","embeddable":true,"href":"https:\/\/carlamago.com.br\/blog\/index.php?rest_route=%2Fwp%2Fv2%2Fcategories&post=3476"},{"taxonomy":"post_tag","embeddable":true,"href":"https:\/\/carlamago.com.br\/blog\/index.php?rest_route=%2Fwp%2Fv2%2Ftags&post=3476"}],"curies":[{"name":"wp","href":"https:\/\/api.w.org\/{rel}","templated":true}]}}