{"id":4038,"date":"2015-02-09T11:40:32","date_gmt":"2015-02-09T13:40:32","guid":{"rendered":"http:\/\/www.carlamago.com.br\/blog\/?p=4038"},"modified":"2015-02-09T11:40:32","modified_gmt":"2015-02-09T13:40:32","slug":"timo-e-os-sentidos","status":"publish","type":"post","link":"https:\/\/carlamago.com.br\/blog\/?p=4038","title":{"rendered":"Timo e os sentidos."},"content":{"rendered":"<p><a href=\"http:\/\/carlamago.com.br\/blog\/wp-content\/uploads\/2015\/02\/Timo-e-os-sentidos.jpg\"><img loading=\"lazy\" class=\"aligncenter size-full wp-image-4040\" title=\"Timo e os sentidos\" src=\"http:\/\/carlamago.com.br\/blog\/wp-content\/uploads\/2015\/02\/Timo-e-os-sentidos.jpg\" alt=\"\" width=\"448\" height=\"336\" \/><\/a><br \/>\nLocalizada no centro do peito, a gl\u00e2ndula Timo \u00e9 um dos pilares do sistema imunol\u00f3gico, sendo que em grego &#8220;Th &#8230;ymos&#8221; \u00a0significa energia vital.<br \/>\nQuando estamos alegres ela cresce e se encolhe quando estamos estressados ou quando adoecemos.<br \/>\nTanto para invas\u00e3o de micr\u00f3bios e toxinas, como para pensamentos negativos ela reage produzindo c\u00e9lulas de defesa e nessa briga contra o invasor, abre espa\u00e7o para sintomas de baixa imunidade.<br \/>\nEla tamb\u00e9m \u00e9 muito sens\u00edvel a imagens, cores, luzes, cheiros, sabores, gestos, toques, sons, palavras e pensamentos, portanto alimenta-la corretamente dessas sutilezas sensitivas \u00e9 fundamental para sa\u00fade.<br \/>\nA casa como nossa 2\u00b0 morada depois da roupa tem um papel importante nesse aspecto, podendo ressoar a harmonia atrav\u00e9s dos sentidos, dan\u00e7ando de acordo com o ritmo perfeito para a Timo.<\/p>\n","protected":false},"excerpt":{"rendered":"<p>Localizada no centro do peito, a gl\u00e2ndula Timo \u00e9 um dos pilares do sistema imunol\u00f3gico, sendo que em grego &#8220;Th &#8230;ymos&#8221; \u00a0significa energia vital. Quando estamos alegres ela cresce e se encolhe quando estamos estressados ou quando adoecemos. Tanto para invas\u00e3o de micr\u00f3bios e toxinas, como para pensamentos negativos ela reage produzindo c\u00e9lulas de defesa<\/p>\n<footer class=\"entry-footer index-entry\">\n<div class=\"post-social pull-left\"><a href=\"https:\/\/www.facebook.com\/sharer\/sharer.php?u=https%3A%2F%2Fcarlamago.com.br%2Fblog%2F%3Fp%3D4038\" target=\"_blank\" class=\"social-icons\"><i class=\"fa fa-facebook\" aria-hidden=\"true\"><\/i><\/a><a href=\"https:\/\/twitter.com\/home?status=https%3A%2F%2Fcarlamago.com.br%2Fblog%2F%3Fp%3D4038\" target=\"_blank\" class=\"social-icons\"><i class=\"fa fa-twitter\" aria-hidden=\"true\"><\/i><\/a><a href=\"https:\/\/www.linkedin.com\/shareArticle?mini=true&#038;url=https%3A%2F%2Fcarlamago.com.br%2Fblog%2F%3Fp%3D4038&#038;title=Timo+e+os+sentidos.\" target=\"_blank\" class=\"social-icons\"><i class=\"fa fa-linkedin\" aria-hidden=\"true\"><\/i><\/a><\/div>\n<p class=\"link-more\"><a href=\"https:\/\/carlamago.com.br\/blog\/?p=4038\" class=\"more-link\">Continue reading <span class=\"meta-nav\">\u2192<\/span><\/a><\/p>\n<\/footer>\n","protected":false},"author":2,"featured_media":0,"comment_status":"open","ping_status":"open","sticky":false,"template":"","format":"standard","meta":[],"categories":[4,5,6,11,12,16,17,18,19],"tags":[],"_links":{"self":[{"href":"https:\/\/carlamago.com.br\/blog\/index.php?rest_route=\/wp\/v2\/posts\/4038"}],"collection":[{"href":"https:\/\/carlamago.com.br\/blog\/index.php?rest_route=\/wp\/v2\/posts"}],"about":[{"href":"https:\/\/carlamago.com.br\/blog\/index.php?rest_route=\/wp\/v2\/types\/post"}],"author":[{"embeddable":true,"href":"https:\/\/carlamago.com.br\/blog\/index.php?rest_route=\/wp\/v2\/users\/2"}],"replies":[{"embeddable":true,"href":"https:\/\/carlamago.com.br\/blog\/index.php?rest_route=%2Fwp%2Fv2%2Fcomments&post=4038"}],"version-history":[{"count":0,"href":"https:\/\/carlamago.com.br\/blog\/index.php?rest_route=\/wp\/v2\/posts\/4038\/revisions"}],"wp:attachment":[{"href":"https:\/\/carlamago.com.br\/blog\/index.php?rest_route=%2Fwp%2Fv2%2Fmedia&parent=4038"}],"wp:term":[{"taxonomy":"category","embeddable":true,"href":"https:\/\/carlamago.com.br\/blog\/index.php?rest_route=%2Fwp%2Fv2%2Fcategories&post=4038"},{"taxonomy":"post_tag","embeddable":true,"href":"https:\/\/carlamago.com.br\/blog\/index.php?rest_route=%2Fwp%2Fv2%2Ftags&post=4038"}],"curies":[{"name":"wp","href":"https:\/\/api.w.org\/{rel}","templated":true}]}}