{"id":4116,"date":"2015-04-27T11:27:16","date_gmt":"2015-04-27T13:27:16","guid":{"rendered":"http:\/\/www.carlamago.com.br\/blog\/?p=4116"},"modified":"2015-04-27T11:27:16","modified_gmt":"2015-04-27T13:27:16","slug":"sou-guerreiro","status":"publish","type":"post","link":"https:\/\/carlamago.com.br\/blog\/?p=4116","title":{"rendered":"Sou guerreiro!"},"content":{"rendered":"<p><a href=\"http:\/\/carlamago.com.br\/blog\/wp-content\/uploads\/2015\/04\/Guerreiro.jpg\"><img loading=\"lazy\" class=\"aligncenter size-full wp-image-4117\" title=\"Guerreiro\" src=\"http:\/\/carlamago.com.br\/blog\/wp-content\/uploads\/2015\/04\/Guerreiro.jpg\" alt=\"\" width=\"448\" height=\"305\" \/><\/a><br \/>\nO post de hoje foi inspirado nessa foto da ilustra\u00e7\u00e3o, da balestra do designer Andr\u00e9 Marx expandindo o arco \u00edris, que me lembrou de imediato uma m\u00fasica linda da cantora e compositora Nicole Salmi, exatamente o trecho a seguir :<br \/>\n\u201c &#8230;\u00a0<em>Eu sou guerreiro, meu escudo \u00e9 o amor, minha flecha cura a dor do veneno &#8230; \u201c<\/em>,<br \/>\nque de imediato me lembrou do objetivo de estarmos aqui, tendo como base o amor e o alvo o talento a ser compartilhado. De imediato refleti sobre o meu papel, o cuidado com a Casa e os Espa\u00e7os em geral, aliando Design, Feng Shui, Geobiologia, Radiestesia Gen\u00e9tica (espa\u00e7os e pessoas) e \u00e9 nessa Terapia de Ambientes e consequentemente na Terapia com as pessoas que habitam esses Espa\u00e7os que me sinto uma verdadeira guerreira, guerreira da harmonia, da transforma\u00e7\u00e3o, da cura e da beleza.<br \/>\nNossa &#8220;arma&#8221; est\u00e1 a servi\u00e7o da personalidade e essa a servi\u00e7o da alma e o guerreiro pronto para servir, lembrando que na vida desperta todos somos guerreiros !<br \/>\nAproveitando, convido voc\u00ea a apoiar o projeto de lan\u00e7amento do CD da Nicole Salmi, esse grande talento musical, \u00e9 s\u00f3 conferir no www.catarseme\/pt\/nicolesalmi .<\/p>\n","protected":false},"excerpt":{"rendered":"<p>O post de hoje foi inspirado nessa foto da ilustra\u00e7\u00e3o, da balestra do designer Andr\u00e9 Marx expandindo o arco \u00edris, que me lembrou de imediato uma m\u00fasica linda da cantora e compositora Nicole Salmi, exatamente o trecho a seguir : \u201c &#8230;\u00a0Eu sou guerreiro, meu escudo \u00e9 o amor, minha flecha cura a dor do<\/p>\n<footer class=\"entry-footer index-entry\">\n<div class=\"post-social pull-left\"><a href=\"https:\/\/www.facebook.com\/sharer\/sharer.php?u=https%3A%2F%2Fcarlamago.com.br%2Fblog%2F%3Fp%3D4116\" target=\"_blank\" class=\"social-icons\"><i class=\"fa fa-facebook\" aria-hidden=\"true\"><\/i><\/a><a href=\"https:\/\/twitter.com\/home?status=https%3A%2F%2Fcarlamago.com.br%2Fblog%2F%3Fp%3D4116\" target=\"_blank\" class=\"social-icons\"><i class=\"fa fa-twitter\" aria-hidden=\"true\"><\/i><\/a><a href=\"https:\/\/www.linkedin.com\/shareArticle?mini=true&#038;url=https%3A%2F%2Fcarlamago.com.br%2Fblog%2F%3Fp%3D4116&#038;title=Sou+guerreiro%21\" target=\"_blank\" class=\"social-icons\"><i class=\"fa fa-linkedin\" aria-hidden=\"true\"><\/i><\/a><\/div>\n<p class=\"link-more\"><a href=\"https:\/\/carlamago.com.br\/blog\/?p=4116\" class=\"more-link\">Continue reading <span class=\"meta-nav\">\u2192<\/span><\/a><\/p>\n<\/footer>\n","protected":false},"author":2,"featured_media":0,"comment_status":"open","ping_status":"open","sticky":false,"template":"","format":"standard","meta":[],"categories":[4,6,7,8,9,11,12,13,18,19],"tags":[],"_links":{"self":[{"href":"https:\/\/carlamago.com.br\/blog\/index.php?rest_route=\/wp\/v2\/posts\/4116"}],"collection":[{"href":"https:\/\/carlamago.com.br\/blog\/index.php?rest_route=\/wp\/v2\/posts"}],"about":[{"href":"https:\/\/carlamago.com.br\/blog\/index.php?rest_route=\/wp\/v2\/types\/post"}],"author":[{"embeddable":true,"href":"https:\/\/carlamago.com.br\/blog\/index.php?rest_route=\/wp\/v2\/users\/2"}],"replies":[{"embeddable":true,"href":"https:\/\/carlamago.com.br\/blog\/index.php?rest_route=%2Fwp%2Fv2%2Fcomments&post=4116"}],"version-history":[{"count":0,"href":"https:\/\/carlamago.com.br\/blog\/index.php?rest_route=\/wp\/v2\/posts\/4116\/revisions"}],"wp:attachment":[{"href":"https:\/\/carlamago.com.br\/blog\/index.php?rest_route=%2Fwp%2Fv2%2Fmedia&parent=4116"}],"wp:term":[{"taxonomy":"category","embeddable":true,"href":"https:\/\/carlamago.com.br\/blog\/index.php?rest_route=%2Fwp%2Fv2%2Fcategories&post=4116"},{"taxonomy":"post_tag","embeddable":true,"href":"https:\/\/carlamago.com.br\/blog\/index.php?rest_route=%2Fwp%2Fv2%2Ftags&post=4116"}],"curies":[{"name":"wp","href":"https:\/\/api.w.org\/{rel}","templated":true}]}}