{"id":4409,"date":"2016-01-04T19:12:14","date_gmt":"2016-01-04T21:12:14","guid":{"rendered":"http:\/\/www.carlamago.com.br\/blog\/?p=4409"},"modified":"2016-01-04T19:12:14","modified_gmt":"2016-01-04T21:12:14","slug":"o-primeiro-de-2016","status":"publish","type":"post","link":"https:\/\/carlamago.com.br\/blog\/?p=4409","title":{"rendered":"O primeiro de 2016!"},"content":{"rendered":"<p style=\"text-align: center;\"><a href=\"http:\/\/carlamago.com.br\/blog\/wp-content\/uploads\/2016\/01\/blog-2016.jpg\"><img loading=\"lazy\" class=\"aligncenter size-full wp-image-4411\" title=\"blog 2016\" src=\"http:\/\/carlamago.com.br\/blog\/wp-content\/uploads\/2016\/01\/blog-2016.jpg\" alt=\"\" width=\"617\" height=\"293\" \/><\/a><\/p>\n<p style=\"text-align: left;\">Quero compartilhar aqui a alegria de ter escolhido que a minha passagem do ano pessoal e para 2016 acontecesse no Terra Luminous, em Juquitiba, na Proposta de Viver em ComUnidade.<\/p>\n<p>Al\u00e9m de vivenciar na pr\u00e1tica alguns temas que escrevo aqui no blog com categorias como: Arquitetura, Arte, Decora\u00e7\u00e3o, Geobiologia, M\u00fasica, Organiza\u00e7\u00e3o, Harmoniza\u00e7\u00e3o, Paisagismo, Sa\u00fade e Sustentabilidade, todas essas atividades foram regadas com muito amor e uni\u00e3o, que ficaram lindamente registradas no sens\u00edvel e po\u00e9tico texto de Gabriel Aquino :<br \/>\n<em>\u201cAi ai, quanta luz. Eu olho tudo isso e&#8230; n\u00e3o sei, mas desconfio.<\/em><br \/>\n<em> <\/em><em>Desconfio que o copo de \u00e1gua que eu tomei quando cheguei teve algum efeito desintoxicante, mais eficiente que um ano inteiro de sucos verdes ou uma semana de jejum. (&#8230;)<\/em><br \/>\n<em>Dizem por a\u00ed que \u00e9 importante tentar ser \u00fatil para os outros. Talvez seja por isso que algumas pessoas se empenhem mais que a maioria para viver em comunidade.<\/em><br \/>\n<em>Comunidade. Com Unidade. Comum idade. \u00c9 o tempo de tentar ser menos eu e ser mais n\u00f3s. E assim ser mais eu. \u00c9 meio doido, mas \u00e9 assim. Eu sei, porque eu vivi seis dias disso. Seis dias luminosos. Na maior parte do tempo estava nublado, mas a luz transbordava das pessoas, que iam se chegando e se acendendo igual a vagalumes divinos. O sol pouco apareceu para n\u00f3s, mas se fez presente pelo seu embaixador, o fogo, moldado em desenhos on\u00edricos por um certo homem com seus bra\u00e7os de madeira.<\/em><br \/>\n<em>O vento esteve presente, e mesmo assim o chamamos, algumas vezes, para elevar o nosso amor. M\u00fasica \u00e9 vento. De onde eu venho, o vento vem do horizonte, n\u00e3o sei se \u00e9 assim em todo lugar, mas ele \u00e9 soprado do al\u00e9m-mar, das bordas da terra, onde n\u00e3o da pra ver com os olhos nem chegar com o corpo. Nesse lugar luminoso eu tive certa comprova\u00e7\u00e3o dessa filosofia. Se \u00e9 que filosofia se comprova, mas eu paguei pra ver. Paguei em vagalumes e vi o futuro. Quem me abriu a porta foi uma mulher, e que mulher, tamb\u00e9m luminosa, alguma prima de iemanja que caminha entre as florestas. Ao lado dela estava um fauno cerimonioso, cheio de vazios que propagam cuidado. Tinha tamb\u00e9m um outro que zelava pela verdade, j\u00e1 esse era cheio de sil\u00eancios, dono de uma carranca sorridente que afasta os maus esp\u00edritos.<\/em><br \/>\n<em>Morava l\u00e1 um casal de gente que pertence \u00e0 boa gente que rareia nesse mundo, mas persiste e, discretamente, norteia todo o restante. N\u00e3o posso esquecer dos g\u00eameos, o menino e a menina, que est\u00e3o descobrindo as coisas da melhor maneira: mergulhando e ganhando dist\u00e2ncia com bra\u00e7adas fortes e pernadas bonitas. Ah\u00f4! Ao cheiro e ao sabor! Ainda existem alquimistas! J\u00e1 essa n\u00e3o se escondia sob a terra, mas caminhava sobre ela, ocupando sem querer os cora\u00e7\u00f5es das pessoas em volta. Ela tem uma filha que inventa sentimento dentro das pessoas com os tra\u00e7os de tinta e imagem e a\u00e7\u00e3o.<\/em><br \/>\n<em>Andava por l\u00e1, mas sem se decidir, uma andarilha de olhos pequenos, mas bem abertos, toda \u00edntima da terra, aquela l\u00e1, com sua presen\u00e7a sorridente, dividindo e multiplicando. Por falar em dividir e multiplicar, tinham tamb\u00e9m as almas g\u00eameas, aquela que n\u00e3o \u00e9, mas est\u00e1, e faz o que quer porque \u00e9 assim que tem que ser e ensina sem querer porque, se voc\u00ea ver, \u00e9 como fazem os melhores professores. Junto dela, um p\u00e1ssaro lunar que fala diversas l\u00ednguas do cora\u00e7\u00e3o. Fala n\u00e3o&#8230; Canta. N\u00e3o posso esquecer daquela que conhece as formas do esp\u00edrito, e cria estruturas de boa vontade e c\u00f3digos universais. Ou\u00e7o um chiado no meio da floresta, \u00e9 o carioca do mato, e sua companheira, um esp\u00edrito livre e dourado de paix\u00e3o.<\/em><br \/>\n<em>Eu queria falar de todo mundo, na verdade, mas n\u00e3o quero mais. Me exigiria um certo c\u00e1lculo que atrapalha a poesia. As poesias. As trinta e tantas poesias que eu descobri nesses seis dias.<\/em><br \/>\n<em>O mundo j\u00e1 n\u00e3o \u00e9 mais o mesmo, assim como o ano que j\u00e1 passou. Existe esperan\u00e7a. Existe vida. Eu ressuscitei. Igual a Jesus, com Cruz e tudo. E fiz isso na boa companhia dos habitantes dessa floresta, dos que dan\u00e7am e cantam sem motivo, dos que se acharam porque se perderam e que viveram e vivem assim, homo luminous, essa esp\u00e9cie diferente, gra\u00e7as a Deus. Gratid\u00e3o \u00e9 o que eu sinto. Que a gente se reencontre na fortuna ca\u00f3rdica desse planeta que se ajeita, devagarzinho, por momentos como esse. Gratid\u00e3o.\u201d<\/em><br \/>\n<em> <\/em><\/p>\n","protected":false},"excerpt":{"rendered":"<p>Quero compartilhar aqui a alegria de ter escolhido que a minha passagem do ano pessoal e para 2016 acontecesse no Terra Luminous, em Juquitiba, na Proposta de Viver em ComUnidade. Al\u00e9m de vivenciar na pr\u00e1tica alguns temas que escrevo aqui no blog com categorias como: Arquitetura, Arte, Decora\u00e7\u00e3o, Geobiologia, M\u00fasica, Organiza\u00e7\u00e3o, Harmoniza\u00e7\u00e3o, Paisagismo, Sa\u00fade e<\/p>\n<footer class=\"entry-footer index-entry\">\n<div class=\"post-social pull-left\"><a href=\"https:\/\/www.facebook.com\/sharer\/sharer.php?u=https%3A%2F%2Fcarlamago.com.br%2Fblog%2F%3Fp%3D4409\" target=\"_blank\" class=\"social-icons\"><i class=\"fa fa-facebook\" aria-hidden=\"true\"><\/i><\/a><a href=\"https:\/\/twitter.com\/home?status=https%3A%2F%2Fcarlamago.com.br%2Fblog%2F%3Fp%3D4409\" target=\"_blank\" class=\"social-icons\"><i class=\"fa fa-twitter\" aria-hidden=\"true\"><\/i><\/a><a href=\"https:\/\/www.linkedin.com\/shareArticle?mini=true&#038;url=https%3A%2F%2Fcarlamago.com.br%2Fblog%2F%3Fp%3D4409&#038;title=O+primeiro+de+2016%21\" target=\"_blank\" class=\"social-icons\"><i class=\"fa fa-linkedin\" aria-hidden=\"true\"><\/i><\/a><\/div>\n<p class=\"link-more\"><a href=\"https:\/\/carlamago.com.br\/blog\/?p=4409\" class=\"more-link\">Continue reading <span class=\"meta-nav\">\u2192<\/span><\/a><\/p>\n<\/footer>\n","protected":false},"author":2,"featured_media":0,"comment_status":"open","ping_status":"open","sticky":false,"template":"","format":"standard","meta":[],"categories":[3,4,5,7,9,11,13,16,17,19,20],"tags":[],"_links":{"self":[{"href":"https:\/\/carlamago.com.br\/blog\/index.php?rest_route=\/wp\/v2\/posts\/4409"}],"collection":[{"href":"https:\/\/carlamago.com.br\/blog\/index.php?rest_route=\/wp\/v2\/posts"}],"about":[{"href":"https:\/\/carlamago.com.br\/blog\/index.php?rest_route=\/wp\/v2\/types\/post"}],"author":[{"embeddable":true,"href":"https:\/\/carlamago.com.br\/blog\/index.php?rest_route=\/wp\/v2\/users\/2"}],"replies":[{"embeddable":true,"href":"https:\/\/carlamago.com.br\/blog\/index.php?rest_route=%2Fwp%2Fv2%2Fcomments&post=4409"}],"version-history":[{"count":0,"href":"https:\/\/carlamago.com.br\/blog\/index.php?rest_route=\/wp\/v2\/posts\/4409\/revisions"}],"wp:attachment":[{"href":"https:\/\/carlamago.com.br\/blog\/index.php?rest_route=%2Fwp%2Fv2%2Fmedia&parent=4409"}],"wp:term":[{"taxonomy":"category","embeddable":true,"href":"https:\/\/carlamago.com.br\/blog\/index.php?rest_route=%2Fwp%2Fv2%2Fcategories&post=4409"},{"taxonomy":"post_tag","embeddable":true,"href":"https:\/\/carlamago.com.br\/blog\/index.php?rest_route=%2Fwp%2Fv2%2Ftags&post=4409"}],"curies":[{"name":"wp","href":"https:\/\/api.w.org\/{rel}","templated":true}]}}