{"id":4816,"date":"2016-11-21T17:02:37","date_gmt":"2016-11-21T19:02:37","guid":{"rendered":"http:\/\/www.carlamago.com.br\/blog\/?p=4816"},"modified":"2016-11-21T17:02:37","modified_gmt":"2016-11-21T19:02:37","slug":"que-venha-o-quarto-congresso","status":"publish","type":"post","link":"https:\/\/carlamago.com.br\/blog\/?p=4816","title":{"rendered":"Que venha o IV Congresso!"},"content":{"rendered":"<p style=\"text-align: center;\"><a href=\"http:\/\/carlamago.com.br\/blog\/wp-content\/uploads\/2016\/11\/20161119_1114042.jpg\"><img loading=\"lazy\" class=\"aligncenter size-full wp-image-4829\" title=\"20161119_111404\" src=\"http:\/\/carlamago.com.br\/blog\/wp-content\/uploads\/2016\/11\/20161119_1114042.jpg\" alt=\"\" width=\"448\" height=\"252\" \/><\/a><\/p>\n<p style=\"text-align: left;\">Em \u00a0novembro de 2012 aconteceu em S\u00e3o Paulo o III Congresso Internacional de Geobiologia e por esses dias o Facebook resolveu nos relembrar com um post que compartilhei na \u00e9poca e &#8221; bateu&#8221; em mim uma &#8220;nostalgia&#8221; do que vivenciamos naqueles dias, que resolvi compartilhar novamente por aqui. Quem sabe o Allan Lopes, Selma Luiza Lopes e seus palestrantes se inspirem novamente, para que em 2017 \u00a0S\u00e3o Paulo possa receber novamente esse lindo presente! Eu amei e posto aqui novamente uma s\u00edntese do que aconteceu naqueles dias.<\/p>\n<p style=\"text-align: left;\">&#8220;<em>O III Congresso Internacional de Geobiologia \u2013 Casa Saud\u00e1vel aconteceu dias 15,16 e 17 de novembro, em S\u00e3o Paulo e foi uma viv\u00eancia maravilhosa e inesquec\u00edvel !<\/em><\/p>\n<p><em>O tema sobre sustentabilidade foi bastante explorado, levando em conta as diversas perspectivas da realidade, com fatores que envolvem emocional, criatividade, est\u00e9tica, valores, identidade, espiritualidade e outros,\u00a0com\u00a0uma abordagem mais integral, como palestrou o psic\u00f3logo\u00a0<strong>Celso Nogueira<\/strong>.<\/em><br \/>\n<em>O arquiteto\u00a0<strong>Andr\u00e9 Buarque<\/strong> falou da import\u00e2ncia de \u00a0levar consci\u00eancia ambiental ao estudante de arquitetura, al\u00e9m de outros temas levantados tamb\u00e9m por\u00a0<strong>Frank Siciliano<\/strong>, que mostrou exemplos de projetos constru\u00eddos por ele, que a partir do design,\u00a0 proporcionam melhor ventila\u00e7\u00e3o e ilumina\u00e7\u00e3o, bem como a escolha dos materiais. A arquiteta\u00a0<strong>Loredana Albieri <\/strong>exemplificou como a Bioarquitetura funciona na It\u00e1lia e nos outros paises da Europa e\u00a0<strong>Peter Van Lenger<\/strong>, com seus \u201cdiv\u00f3rcios\u201d com supermercado, farm\u00e1cia e casas de material de constru\u00e7\u00e3o, mostrou que em Tib\u00e1 e em outros locais, a consci\u00eancia ambiental \u00e9 vivida de maneira plena.<\/em><br \/>\n<em><strong>Robert Steller <\/strong>explanou sobre solu\u00e7\u00f5es para pontos que geram campos el\u00e9tricos e eletromagn\u00e9ticos e tivemos pesquisas realizadas pela bi\u00f3loga\u00a0<strong>M\u00f4nica<\/strong> <strong>Louvison<\/strong> que comprovam o efeito\u00a0prejudicial dessas ondas negativas e suas consequ\u00eancias em nossa sa\u00fade.<\/em><br \/>\n<em>Outro ponto abordado foi o diferencial de se oferecer a sa\u00fade e o bem estar como servi\u00e7os agregados na arquitetura, como explanou t\u00e3o bem a arquiteta\u00a0<strong>Aline Mendes<\/strong> e para que, todo o benef\u00edcio que o Feng Shui e a Geobiologia oferecem n\u00e3o pare\u00e7a uma ilus\u00e3o para alguns descrentes, trabalhos cient\u00edficos foram apresentados, comprovando como a psicologia ambiental pode melhorar o habitar, conforme palestrou a arquiteta<strong> Ang\u00e9lica Rente <\/strong>e respectivamente comprova\u00e7\u00f5es para um ambiente mais produtivo conforme pesquisa do arquiteto\u00a0<strong>Ormy H\u00fctner J\u00fanior.<\/strong><\/em><br \/>\n<em>O arquiteto\u00a0<strong>Welton Santos <\/strong>lembrou a import\u00e2ncia da humildade, no resgate da crian\u00e7a interior curada, para despertar o auto amor e consequentemente poder trabalhar para um bem maior, o nosso Planeta.<\/em><br \/>\n<em><strong>Carlos Solano <\/strong>come\u00e7ou sua palestra com um lindo poema e desenvolveu o tema sobre as tradu\u00e7\u00f5es da Casa Natural e seus ensinamentos para purificar e aben\u00e7oar o ambiente \u2026 emocionante !!!<\/em><br \/>\n<em><strong>Toni Backes <\/strong>falou sobre o paisagismo regenerativo para celebrar a vida, atrav\u00e9s do acaso projetado, contando com esp\u00e9cies j\u00e1 existentes no local, as que nascem espontaneamente e as novas a serem implantadas, levando em conta a biodiversidade \u2026 e falando em plantas, a terapeuta ambiental\u00a0<strong>Sandra Siciliano <\/strong>conduziu uma medita\u00e7\u00e3o maravilhosa, onde todos puderam sentir-se \u00e1rvore, conectando-se com a terra, sentindo a seiva e sintonizando com o simbolismo da imagem da \u00e1rvore que cada um visualizou. A minha foi uma jabuticabeira que representa a alegria e o resgate da crian\u00e7a interior \u2026 nossa quanta sintonia !!! \u2026 recebi duas sementes de \u00e1rvore para plantar codificadas de alegria \u2026 quantos presentes !!! \u2026 al\u00e9m de todos que j\u00e1 citei, ainda ganhamos : caneca ( para evitar usar copo pl\u00e1stico nos coffees ), ess\u00eancias para ambientes, apresenta\u00e7\u00f5es musicais bel\u00edssimas como : Geosound, Citara e Quinteto de cordas, mesa redonda sobre sustentabilidade com os palestrantes e com o \u00a0paisagista convidado\u00a0<strong>Raul C\u00e2novas e Marcelus Oliveira<\/strong>, dan\u00e7a circular, novos amigos e um cerimonial do plantio de uma \u00e1rvore com a inten\u00e7\u00e3o anotada no papel do que desejamos para o nosso Planeta \u2026 lindo demais !!!<\/em><br \/>\n<em>Gratid\u00e3o a querida\u00a0<strong>Selma Luiza\u00a0Lopes<\/strong>, a toda equipe da organiza\u00e7\u00e3o do evento, a todos os palestrantes, mas principalmente ao\u00a0<strong>Allan Lopes<\/strong> por suas palestras com ensinamentos claros sobre o viver saud\u00e1vel, mas quero dar \u00eanfase aqui pela sua iniciativa e determina\u00e7\u00e3o no Bem, no Belo e na Luz, no caminho da Unidade<\/em>.&#8221;<br \/>\nIntegra\u00e7\u00e3o com a natureza, sustentabilidade, \u00a0consci\u00eancia ambiental, bioarquitetura, respeito, cuidados, harmonia, sa\u00fade, unidade &#8230; aprendendo e praticando!<br \/>\n<strong> <\/strong><\/p>\n","protected":false},"excerpt":{"rendered":"<p>Em \u00a0novembro de 2012 aconteceu em S\u00e3o Paulo o III Congresso Internacional de Geobiologia e por esses dias o Facebook resolveu nos relembrar com um post que compartilhei na \u00e9poca e &#8221; bateu&#8221; em mim uma &#8220;nostalgia&#8221; do que vivenciamos naqueles dias, que resolvi compartilhar novamente por aqui. Quem sabe o Allan Lopes, Selma Luiza<\/p>\n<footer class=\"entry-footer index-entry\">\n<div class=\"post-social pull-left\"><a href=\"https:\/\/www.facebook.com\/sharer\/sharer.php?u=https%3A%2F%2Fcarlamago.com.br%2Fblog%2F%3Fp%3D4816\" target=\"_blank\" class=\"social-icons\"><i class=\"fa fa-facebook\" aria-hidden=\"true\"><\/i><\/a><a href=\"https:\/\/twitter.com\/home?status=https%3A%2F%2Fcarlamago.com.br%2Fblog%2F%3Fp%3D4816\" target=\"_blank\" class=\"social-icons\"><i class=\"fa fa-twitter\" aria-hidden=\"true\"><\/i><\/a><a href=\"https:\/\/www.linkedin.com\/shareArticle?mini=true&#038;url=https%3A%2F%2Fcarlamago.com.br%2Fblog%2F%3Fp%3D4816&#038;title=Que+venha+o+IV+Congresso%21\" target=\"_blank\" class=\"social-icons\"><i class=\"fa fa-linkedin\" aria-hidden=\"true\"><\/i><\/a><\/div>\n<p class=\"link-more\"><a href=\"https:\/\/carlamago.com.br\/blog\/?p=4816\" class=\"more-link\">Continue reading <span class=\"meta-nav\">\u2192<\/span><\/a><\/p>\n<\/footer>\n","protected":false},"author":2,"featured_media":0,"comment_status":"open","ping_status":"open","sticky":false,"template":"","format":"standard","meta":[],"categories":[3,4,6,7,8,9,11,13,16,17,18,19,20],"tags":[],"_links":{"self":[{"href":"https:\/\/carlamago.com.br\/blog\/index.php?rest_route=\/wp\/v2\/posts\/4816"}],"collection":[{"href":"https:\/\/carlamago.com.br\/blog\/index.php?rest_route=\/wp\/v2\/posts"}],"about":[{"href":"https:\/\/carlamago.com.br\/blog\/index.php?rest_route=\/wp\/v2\/types\/post"}],"author":[{"embeddable":true,"href":"https:\/\/carlamago.com.br\/blog\/index.php?rest_route=\/wp\/v2\/users\/2"}],"replies":[{"embeddable":true,"href":"https:\/\/carlamago.com.br\/blog\/index.php?rest_route=%2Fwp%2Fv2%2Fcomments&post=4816"}],"version-history":[{"count":0,"href":"https:\/\/carlamago.com.br\/blog\/index.php?rest_route=\/wp\/v2\/posts\/4816\/revisions"}],"wp:attachment":[{"href":"https:\/\/carlamago.com.br\/blog\/index.php?rest_route=%2Fwp%2Fv2%2Fmedia&parent=4816"}],"wp:term":[{"taxonomy":"category","embeddable":true,"href":"https:\/\/carlamago.com.br\/blog\/index.php?rest_route=%2Fwp%2Fv2%2Fcategories&post=4816"},{"taxonomy":"post_tag","embeddable":true,"href":"https:\/\/carlamago.com.br\/blog\/index.php?rest_route=%2Fwp%2Fv2%2Ftags&post=4816"}],"curies":[{"name":"wp","href":"https:\/\/api.w.org\/{rel}","templated":true}]}}