{"id":5329,"date":"2018-08-01T15:37:56","date_gmt":"2018-08-01T17:37:56","guid":{"rendered":"http:\/\/www.carlamago.com.br\/blog\/?p=5329"},"modified":"2018-08-01T15:37:56","modified_gmt":"2018-08-01T17:37:56","slug":"na-sala-de-aula","status":"publish","type":"post","link":"https:\/\/carlamago.com.br\/blog\/?p=5329","title":{"rendered":"&#8230; na Sala de aula!"},"content":{"rendered":"<p style=\"text-align: center;\"><a href=\"http:\/\/carlamago.com.br\/blog\/wp-content\/uploads\/2018\/08\/Banco-daycoval.jpg\"><img loading=\"lazy\" class=\"aligncenter size-full wp-image-5331\" title=\"Banco daycoval\" src=\"http:\/\/carlamago.com.br\/blog\/wp-content\/uploads\/2018\/08\/Banco-daycoval.jpg\" alt=\"\" width=\"538\" height=\"423\" \/><\/a><\/p>\n<p style=\"text-align: left;\">Rel\u00f3gio iluminado, relevo nas paredes formando esferas ( cer\u00e2mica Eclypse da Castelatto ), contraste do branco com a madeira, logotipo central com fundo espelhado.Esses s\u00e3o alguns detalhes que fazem toda diferen\u00e7a na nova Sala da FGV patrocinada pelo Banco Daycoval.<\/p>\n<p>Antes das aulas recome\u00e7arem, funcion\u00e1rios, diretora e professores que passaram por l\u00e1, enquanto finalizavamos, demonstraram curtirem muito o novo visual!<br \/>\nA Sala conta tamb\u00e9m com uma pe\u00e7a de design, a cadeira do Sergio Faher, proporcionando beleza, personalidade a Sala do Banco e conforto para o professor.<\/p>\n","protected":false},"excerpt":{"rendered":"<p>Rel\u00f3gio iluminado, relevo nas paredes formando esferas ( cer\u00e2mica Eclypse da Castelatto ), contraste do branco com a madeira, logotipo central com fundo espelhado.Esses s\u00e3o alguns detalhes que fazem toda diferen\u00e7a na nova Sala da FGV patrocinada pelo Banco Daycoval. Antes das aulas recome\u00e7arem, funcion\u00e1rios, diretora e professores que passaram por l\u00e1, enquanto finalizavamos, demonstraram<\/p>\n<footer class=\"entry-footer index-entry\">\n<div class=\"post-social pull-left\"><a href=\"https:\/\/www.facebook.com\/sharer\/sharer.php?u=https%3A%2F%2Fcarlamago.com.br%2Fblog%2F%3Fp%3D5329\" target=\"_blank\" class=\"social-icons\"><i class=\"fa fa-facebook\" aria-hidden=\"true\"><\/i><\/a><a href=\"https:\/\/twitter.com\/home?status=https%3A%2F%2Fcarlamago.com.br%2Fblog%2F%3Fp%3D5329\" target=\"_blank\" class=\"social-icons\"><i class=\"fa fa-twitter\" aria-hidden=\"true\"><\/i><\/a><a href=\"https:\/\/www.linkedin.com\/shareArticle?mini=true&#038;url=https%3A%2F%2Fcarlamago.com.br%2Fblog%2F%3Fp%3D5329&#038;title=%26%238230%3B+na+Sala+de+aula%21\" target=\"_blank\" class=\"social-icons\"><i class=\"fa fa-linkedin\" aria-hidden=\"true\"><\/i><\/a><\/div>\n<p class=\"link-more\"><a href=\"https:\/\/carlamago.com.br\/blog\/?p=5329\" class=\"more-link\">Continue reading <span class=\"meta-nav\">\u2192<\/span><\/a><\/p>\n<\/footer>\n","protected":false},"author":2,"featured_media":0,"comment_status":"open","ping_status":"open","sticky":false,"template":"","format":"standard","meta":[],"categories":[3,4,5,6,7,11,12],"tags":[],"_links":{"self":[{"href":"https:\/\/carlamago.com.br\/blog\/index.php?rest_route=\/wp\/v2\/posts\/5329"}],"collection":[{"href":"https:\/\/carlamago.com.br\/blog\/index.php?rest_route=\/wp\/v2\/posts"}],"about":[{"href":"https:\/\/carlamago.com.br\/blog\/index.php?rest_route=\/wp\/v2\/types\/post"}],"author":[{"embeddable":true,"href":"https:\/\/carlamago.com.br\/blog\/index.php?rest_route=\/wp\/v2\/users\/2"}],"replies":[{"embeddable":true,"href":"https:\/\/carlamago.com.br\/blog\/index.php?rest_route=%2Fwp%2Fv2%2Fcomments&post=5329"}],"version-history":[{"count":0,"href":"https:\/\/carlamago.com.br\/blog\/index.php?rest_route=\/wp\/v2\/posts\/5329\/revisions"}],"wp:attachment":[{"href":"https:\/\/carlamago.com.br\/blog\/index.php?rest_route=%2Fwp%2Fv2%2Fmedia&parent=5329"}],"wp:term":[{"taxonomy":"category","embeddable":true,"href":"https:\/\/carlamago.com.br\/blog\/index.php?rest_route=%2Fwp%2Fv2%2Fcategories&post=5329"},{"taxonomy":"post_tag","embeddable":true,"href":"https:\/\/carlamago.com.br\/blog\/index.php?rest_route=%2Fwp%2Fv2%2Ftags&post=5329"}],"curies":[{"name":"wp","href":"https:\/\/api.w.org\/{rel}","templated":true}]}}