{"id":5585,"date":"2019-07-23T18:55:12","date_gmt":"2019-07-23T20:55:12","guid":{"rendered":"http:\/\/www.carlamago.com.br\/blog\/?p=5585"},"modified":"2019-07-23T18:55:12","modified_gmt":"2019-07-23T20:55:12","slug":"cura-pela-geometria","status":"publish","type":"post","link":"https:\/\/carlamago.com.br\/blog\/?p=5585","title":{"rendered":"Cura pela Geometria!"},"content":{"rendered":"<p style=\"text-align: left;\"><a href=\"http:\/\/carlamago.com.br\/blog\/wp-content\/uploads\/2019\/07\/68240465_898971847138984_3716510693868961792_n.jpg\"><img loading=\"lazy\" class=\"aligncenter size-full wp-image-5587\" title=\"68240465_898971847138984_3716510693868961792_n\" src=\"http:\/\/carlamago.com.br\/blog\/wp-content\/uploads\/2019\/07\/68240465_898971847138984_3716510693868961792_n.jpg\" alt=\"\" width=\"430\" height=\"430\" \/><\/a><\/p>\n<p style=\"text-align: left;\">Eu tenho um Projeto Arquitet\u00f4nico com conceito pr\u00f3ximo ao viver em comunidade, todo baseado na Geometria Sagrada, na Flor da Vida &#8230;louco para ser concretizado!!!<\/p>\n<p>A &#8220;Flor da Vida&#8221; \u00e9 um s\u00edmbolo que cont\u00e9m o padr\u00e3o geom\u00e9trico da cria\u00e7\u00e3o da vida, cujo c\u00f3digo possui toda sabedoria, como o contido no nosso DNA.<br \/>\nE descobri recentemente, seguindo @geometriasagrada que a bandeira internacional do Planeta Terra possui esse mesmo s\u00edmbolo desde 2015 &#8230; achei maravilhoso!<\/p>\n<div>\nEssa consci\u00eancia atrav\u00e9s da Arquitetura e do Design \u00e9 uma forma de nos aproximar do Divino, vibrando o bem, o belo e a luz que tanto almejamos!\n<\/div>\n","protected":false},"excerpt":{"rendered":"<p>Eu tenho um Projeto Arquitet\u00f4nico com conceito pr\u00f3ximo ao viver em comunidade, todo baseado na Geometria Sagrada, na Flor da Vida &#8230;louco para ser concretizado!!! A &#8220;Flor da Vida&#8221; \u00e9 um s\u00edmbolo que cont\u00e9m o padr\u00e3o geom\u00e9trico da cria\u00e7\u00e3o da vida, cujo c\u00f3digo possui toda sabedoria, como o contido no nosso DNA. E descobri recentemente,<\/p>\n<footer class=\"entry-footer index-entry\">\n<div class=\"post-social pull-left\"><a href=\"https:\/\/www.facebook.com\/sharer\/sharer.php?u=https%3A%2F%2Fcarlamago.com.br%2Fblog%2F%3Fp%3D5585\" target=\"_blank\" class=\"social-icons\"><i class=\"fa fa-facebook\" aria-hidden=\"true\"><\/i><\/a><a href=\"https:\/\/twitter.com\/home?status=https%3A%2F%2Fcarlamago.com.br%2Fblog%2F%3Fp%3D5585\" target=\"_blank\" class=\"social-icons\"><i class=\"fa fa-twitter\" aria-hidden=\"true\"><\/i><\/a><a href=\"https:\/\/www.linkedin.com\/shareArticle?mini=true&#038;url=https%3A%2F%2Fcarlamago.com.br%2Fblog%2F%3Fp%3D5585&#038;title=Cura+pela+Geometria%21\" target=\"_blank\" class=\"social-icons\"><i class=\"fa fa-linkedin\" aria-hidden=\"true\"><\/i><\/a><\/div>\n<p class=\"link-more\"><a href=\"https:\/\/carlamago.com.br\/blog\/?p=5585\" class=\"more-link\">Continue reading <span class=\"meta-nav\">\u2192<\/span><\/a><\/p>\n<\/footer>\n","protected":false},"author":2,"featured_media":0,"comment_status":"open","ping_status":"open","sticky":false,"template":"","format":"standard","meta":[],"categories":[3,6,7,8,9,10,11,17,18,19,21],"tags":[],"_links":{"self":[{"href":"https:\/\/carlamago.com.br\/blog\/index.php?rest_route=\/wp\/v2\/posts\/5585"}],"collection":[{"href":"https:\/\/carlamago.com.br\/blog\/index.php?rest_route=\/wp\/v2\/posts"}],"about":[{"href":"https:\/\/carlamago.com.br\/blog\/index.php?rest_route=\/wp\/v2\/types\/post"}],"author":[{"embeddable":true,"href":"https:\/\/carlamago.com.br\/blog\/index.php?rest_route=\/wp\/v2\/users\/2"}],"replies":[{"embeddable":true,"href":"https:\/\/carlamago.com.br\/blog\/index.php?rest_route=%2Fwp%2Fv2%2Fcomments&post=5585"}],"version-history":[{"count":0,"href":"https:\/\/carlamago.com.br\/blog\/index.php?rest_route=\/wp\/v2\/posts\/5585\/revisions"}],"wp:attachment":[{"href":"https:\/\/carlamago.com.br\/blog\/index.php?rest_route=%2Fwp%2Fv2%2Fmedia&parent=5585"}],"wp:term":[{"taxonomy":"category","embeddable":true,"href":"https:\/\/carlamago.com.br\/blog\/index.php?rest_route=%2Fwp%2Fv2%2Fcategories&post=5585"},{"taxonomy":"post_tag","embeddable":true,"href":"https:\/\/carlamago.com.br\/blog\/index.php?rest_route=%2Fwp%2Fv2%2Ftags&post=5585"}],"curies":[{"name":"wp","href":"https:\/\/api.w.org\/{rel}","templated":true}]}}