{"id":560,"date":"2009-03-04T16:00:16","date_gmt":"2009-03-04T18:00:16","guid":{"rendered":"http:\/\/www.carlamago.com.br\/blog\/?p=560"},"modified":"2009-03-04T16:00:16","modified_gmt":"2009-03-04T18:00:16","slug":"edificio-internacional-do-ano","status":"publish","type":"post","link":"https:\/\/carlamago.com.br\/blog\/?p=560","title":{"rendered":"Edif\u00edcio internacional do ano"},"content":{"rendered":"<p><img loading=\"lazy\" src=\"http:\/\/carlamago.com.br\/blog\/wp-content\/uploads\/2009\/03\/waf-barcelona-volumetria-300x192.jpg\" alt=\"\" title=\"\" width=\"300\" height=\"192\" class=\"alignleft size-medium wp-image-562\" \/><br \/>\n Pr\u00e9dio em Mil\u00e3o \u00e9 escolhido como \u201cedif\u00edcio do ano\u201d<br \/>\nO novo pr\u00e9dio escolar da Universidade Luigi Bocconi, em Mil\u00e3o, foi escolhido o edif\u00edcio internacional do ano pelo j\u00fari do 1\u00ba World Architecture Festival (WAF). O projeto, desenhado pela equipe irlandesa Grafton Architects, venceu outros 16 finalistas \u2013 entre eles, pr\u00e9dios desenhados por Norman Foster, Zaha Hadid, Sn\u00f8hetta e Coop Himmelb(l)au.<br \/>\n\u201cNo oitavo minuto da apresenta\u00e7\u00e3o, voc\u00eas mostram o cart\u00e3o amarelo\u201d, disse Paul Finch levantando a m\u00e3o direita, segurando um peda\u00e7o de papel id\u00eantico aos que usam os \u00e1rbitros de futebol. Falante, Finch vestia um blazer preto amarrotado que parecia confort\u00e1vel para seu porte corpulento. Coordenador do 1\u00b0 WAF, ele \u00e9 o editor da Architectural Review, centen\u00e1ria publica\u00e7\u00e3o especializada inglesa. Assumiu o cargo h\u00e1 quatro anos, com a aposentadoria de Peter Davey, que dirigiu a publica\u00e7\u00e3o por 25 anos. \u201cNo d\u00e9cimo minuto, \u00e9 a vez do vermelho, a campainha toca e voc\u00eas encerram a apresenta\u00e7\u00e3o imediatamente\u201d, afirmou, fazendo o mesmo gesto com o cart\u00e3o que tirou risos da plat\u00e9ia. Quem o escutava era o j\u00fari do World Architecture Festival, formado por reconhecidos arquitetos e professores (como Massimiliano Fuksas, Peter Cook e Will Alsop) e profissionais da m\u00eddia especializada de todo o mundo (de revistas como a italiana Abitare, a norte-americana Architectural Record e a espanhola El Croquis). Do Brasil, a convidada foi a PROJETO DESIGN.<br \/>\nVeja galeria de fotos dos outros finalistas<br \/>\n<\/p>\n","protected":false},"excerpt":{"rendered":"<p>Pr\u00e9dio em Mil\u00e3o \u00e9 escolhido como \u201cedif\u00edcio do ano\u201d O novo pr\u00e9dio escolar da Universidade Luigi Bocconi, em Mil\u00e3o, foi escolhido o edif\u00edcio internacional do ano pelo j\u00fari do 1\u00ba World Architecture Festival (WAF). O projeto, desenhado pela equipe irlandesa Grafton Architects, venceu outros 16 finalistas \u2013 entre eles, pr\u00e9dios desenhados por Norman Foster, Zaha<\/p>\n<footer class=\"entry-footer index-entry\">\n<div class=\"post-social pull-left\"><a href=\"https:\/\/www.facebook.com\/sharer\/sharer.php?u=https%3A%2F%2Fcarlamago.com.br%2Fblog%2F%3Fp%3D560\" target=\"_blank\" class=\"social-icons\"><i class=\"fa fa-facebook\" aria-hidden=\"true\"><\/i><\/a><a href=\"https:\/\/twitter.com\/home?status=https%3A%2F%2Fcarlamago.com.br%2Fblog%2F%3Fp%3D560\" target=\"_blank\" class=\"social-icons\"><i class=\"fa fa-twitter\" aria-hidden=\"true\"><\/i><\/a><a href=\"https:\/\/www.linkedin.com\/shareArticle?mini=true&#038;url=https%3A%2F%2Fcarlamago.com.br%2Fblog%2F%3Fp%3D560&#038;title=Edif%C3%ADcio+internacional+do+ano\" target=\"_blank\" class=\"social-icons\"><i class=\"fa fa-linkedin\" aria-hidden=\"true\"><\/i><\/a><\/div>\n<p class=\"link-more\"><a href=\"https:\/\/carlamago.com.br\/blog\/?p=560\" class=\"more-link\">Continue reading <span class=\"meta-nav\">\u2192<\/span><\/a><\/p>\n<\/footer>\n","protected":false},"author":2,"featured_media":0,"comment_status":"open","ping_status":"open","sticky":false,"template":"","format":"standard","meta":[],"categories":[3],"tags":[],"_links":{"self":[{"href":"https:\/\/carlamago.com.br\/blog\/index.php?rest_route=\/wp\/v2\/posts\/560"}],"collection":[{"href":"https:\/\/carlamago.com.br\/blog\/index.php?rest_route=\/wp\/v2\/posts"}],"about":[{"href":"https:\/\/carlamago.com.br\/blog\/index.php?rest_route=\/wp\/v2\/types\/post"}],"author":[{"embeddable":true,"href":"https:\/\/carlamago.com.br\/blog\/index.php?rest_route=\/wp\/v2\/users\/2"}],"replies":[{"embeddable":true,"href":"https:\/\/carlamago.com.br\/blog\/index.php?rest_route=%2Fwp%2Fv2%2Fcomments&post=560"}],"version-history":[{"count":0,"href":"https:\/\/carlamago.com.br\/blog\/index.php?rest_route=\/wp\/v2\/posts\/560\/revisions"}],"wp:attachment":[{"href":"https:\/\/carlamago.com.br\/blog\/index.php?rest_route=%2Fwp%2Fv2%2Fmedia&parent=560"}],"wp:term":[{"taxonomy":"category","embeddable":true,"href":"https:\/\/carlamago.com.br\/blog\/index.php?rest_route=%2Fwp%2Fv2%2Fcategories&post=560"},{"taxonomy":"post_tag","embeddable":true,"href":"https:\/\/carlamago.com.br\/blog\/index.php?rest_route=%2Fwp%2Fv2%2Ftags&post=560"}],"curies":[{"name":"wp","href":"https:\/\/api.w.org\/{rel}","templated":true}]}}