{"id":5812,"date":"2020-05-12T17:39:01","date_gmt":"2020-05-12T19:39:01","guid":{"rendered":"http:\/\/www.carlamago.com.br\/blog\/?p=5812"},"modified":"2020-05-12T17:39:01","modified_gmt":"2020-05-12T19:39:01","slug":"a-casa-e-a-saude","status":"publish","type":"post","link":"https:\/\/carlamago.com.br\/blog\/?p=5812","title":{"rendered":"A casa e a sa\u00fade!"},"content":{"rendered":"<div>\n<div><a href=\"http:\/\/carlamago.com.br\/blog\/wp-content\/uploads\/2020\/07\/96405373_3308327932513471_7392678467868819456_n.jpg\"><img loading=\"lazy\" class=\"aligncenter size-full wp-image-5813\" title=\"96405373_3308327932513471_7392678467868819456_n\" src=\"http:\/\/carlamago.com.br\/blog\/wp-content\/uploads\/2020\/07\/96405373_3308327932513471_7392678467868819456_n.jpg\" alt=\"\" width=\"414\" height=\"480\" \/><\/a>Estou tratando um cliente com c\u00e2ncer com a Radiestesia Gen\u00e9tica (Radgen) em paralelo com o tratamento tradicional dele, com rem\u00e9dios e quimioterapia.<\/div>\n<div>Segundo sua esposa a melhora dele depois da nossa atua\u00e7\u00e3o com a t\u00e9cnica da Radgen foi de 70%, onde utilizamos  gr\u00e1ficos e cristais de turmalina e ametista nos \u00f3rg\u00e3os afetados (cora\u00e7\u00e3o e pulm\u00e3o), no sistema venoso e em campos emocionais e ancestrais e curiosamente em muitas sess\u00f5es aparecia tamb\u00e9m a necessidade de neutralizar os campos eletromagn\u00e9ticos, que  pode ser causado pelo celular, rede wi-fi,  torres de alta tens\u00e3o e etc.<\/div>\n<\/div>\n<div>\n<div>At\u00e9 que numa sess\u00e3o o p\u00eandulo pontuou que se tratava de algo na casa e como fa\u00e7o esse trabalho \u00e0 dist\u00e2ncia,  principalmente porque eles moram na Fl\u00f3rida,  pedi para que ela filmasse o entorno da casa e descobrimos uma caixa de for\u00e7a el\u00e9trica implantada na parede externa que dava fundos para cabeceira de cama do casal, que pode gerar, atrav\u00e9s da sua emana\u00e7\u00e3o, altera\u00e7\u00e3o no metabolismo das c\u00e9lulas.<\/div>\n<div>No mesmo dia dessa descoberta ela mudou a cama de lugar e exatamente hoje, vamos fazer a Radiestesia da casa para neutralizar essas emana\u00e7\u00f5es, bem como de energias teluricas de veios da \u00e1gua, linhas magn\u00e9ticas e de outros agentes de patologias.<\/div>\n<div>Com isso pretendemos alcan\u00e7ar os 100% de melhora!<\/div>\n<div>No amor, na t\u00e9cnica, na determina\u00e7\u00e3o, na f\u00e9 e na certeza que uma casa saud\u00e1vel contribui para uma vida mais saud\u00e1vel!<\/div>\n<\/div>\n","protected":false},"excerpt":{"rendered":"<p>Estou tratando um cliente com c\u00e2ncer com a Radiestesia Gen\u00e9tica (Radgen) em paralelo com o tratamento tradicional dele, com rem\u00e9dios e quimioterapia. Segundo sua esposa a melhora dele depois da nossa atua\u00e7\u00e3o com a t\u00e9cnica da Radgen foi de 70%, onde utilizamos gr\u00e1ficos e cristais de turmalina e ametista nos \u00f3rg\u00e3os afetados (cora\u00e7\u00e3o e pulm\u00e3o),<\/p>\n<footer class=\"entry-footer index-entry\">\n<div class=\"post-social pull-left\"><a href=\"https:\/\/www.facebook.com\/sharer\/sharer.php?u=https%3A%2F%2Fcarlamago.com.br%2Fblog%2F%3Fp%3D5812\" target=\"_blank\" class=\"social-icons\"><i class=\"fa fa-facebook\" aria-hidden=\"true\"><\/i><\/a><a href=\"https:\/\/twitter.com\/home?status=https%3A%2F%2Fcarlamago.com.br%2Fblog%2F%3Fp%3D5812\" target=\"_blank\" class=\"social-icons\"><i class=\"fa fa-twitter\" aria-hidden=\"true\"><\/i><\/a><a href=\"https:\/\/www.linkedin.com\/shareArticle?mini=true&#038;url=https%3A%2F%2Fcarlamago.com.br%2Fblog%2F%3Fp%3D5812&#038;title=A+casa+e+a+sa%C3%BAde%21\" target=\"_blank\" class=\"social-icons\"><i class=\"fa fa-linkedin\" aria-hidden=\"true\"><\/i><\/a><\/div>\n<p class=\"link-more\"><a href=\"https:\/\/carlamago.com.br\/blog\/?p=5812\" class=\"more-link\">Continue reading <span class=\"meta-nav\">\u2192<\/span><\/a><\/p>\n<\/footer>\n","protected":false},"author":2,"featured_media":0,"comment_status":"open","ping_status":"open","sticky":false,"template":"","format":"standard","meta":[],"categories":[3,7,8,9,10,11,12,18,19,20],"tags":[],"_links":{"self":[{"href":"https:\/\/carlamago.com.br\/blog\/index.php?rest_route=\/wp\/v2\/posts\/5812"}],"collection":[{"href":"https:\/\/carlamago.com.br\/blog\/index.php?rest_route=\/wp\/v2\/posts"}],"about":[{"href":"https:\/\/carlamago.com.br\/blog\/index.php?rest_route=\/wp\/v2\/types\/post"}],"author":[{"embeddable":true,"href":"https:\/\/carlamago.com.br\/blog\/index.php?rest_route=\/wp\/v2\/users\/2"}],"replies":[{"embeddable":true,"href":"https:\/\/carlamago.com.br\/blog\/index.php?rest_route=%2Fwp%2Fv2%2Fcomments&post=5812"}],"version-history":[{"count":0,"href":"https:\/\/carlamago.com.br\/blog\/index.php?rest_route=\/wp\/v2\/posts\/5812\/revisions"}],"wp:attachment":[{"href":"https:\/\/carlamago.com.br\/blog\/index.php?rest_route=%2Fwp%2Fv2%2Fmedia&parent=5812"}],"wp:term":[{"taxonomy":"category","embeddable":true,"href":"https:\/\/carlamago.com.br\/blog\/index.php?rest_route=%2Fwp%2Fv2%2Fcategories&post=5812"},{"taxonomy":"post_tag","embeddable":true,"href":"https:\/\/carlamago.com.br\/blog\/index.php?rest_route=%2Fwp%2Fv2%2Ftags&post=5812"}],"curies":[{"name":"wp","href":"https:\/\/api.w.org\/{rel}","templated":true}]}}