{"id":591,"date":"2009-03-18T13:15:35","date_gmt":"2009-03-18T15:15:35","guid":{"rendered":"http:\/\/www.carlamago.com.br\/blog\/?p=591"},"modified":"2009-03-18T13:15:35","modified_gmt":"2009-03-18T15:15:35","slug":"hall-separando-dois-mundos","status":"publish","type":"post","link":"https:\/\/carlamago.com.br\/blog\/?p=591","title":{"rendered":"&#8220;Hall&#8221;- separando dois mundos."},"content":{"rendered":"<p><img loading=\"lazy\" class=\"alignleft size-medium wp-image-596\" src=\"http:\/\/carlamago.com.br\/blog\/wp-content\/uploads\/2009\/03\/mar-2009-0081-225x300.jpg\" alt=\"\" width=\"225\" height=\"300\" \/>Nos tempos pr\u00e9- hist\u00f3ricos, em que a sociedade nem mesmo existia, o homem j\u00e1 delimitava o seu territ\u00f3rio. Desde ent\u00e3o, a entrada constitui a no\u00e7\u00e3o do espa\u00e7o mais importante.<br \/>\n\u00c9 o primeiro eixo de oposi\u00e7\u00f5es do espa\u00e7o arquitetural, utilizado para separar dois mundos ( o externo e o interno) e dois modos de ser: o profano, e o \u00edntimo ( ou sagrado).<br \/>\nO Vest\u00edbulo de entrada (&#8221; Hall&#8221; ) ou \u00c1trio protege a intimidade do movimento das ruas, sendo concebido como um &#8220;redutor de velocidade&#8221;, necess\u00e1rio \u00e0 acomoda\u00e7\u00e3o do olhar e do passo a uma nova situa\u00e7\u00e3o. Essa \u00e9 uma das fun\u00e7\u00f5es da &#8220;transi\u00e7\u00e3o de entrada&#8221;, que pode expressar-se por uma solu\u00e7\u00e3o espacial, por uma mudan\u00e7a do n\u00edvel do piso, mudan\u00e7as de sons, de dire\u00e7\u00e3o, de superficie, de panorama. Ao entrar em casa, a pessoa deveria amoldar-se a um esp\u00edrito intimista, e relaxar, liberando a tens\u00e3o e o distanciamento pr\u00f3prios da conduta nas ruas. A entrada cria em nossa mente a transi\u00e7\u00e3o psicol\u00f3gica, e nas resid\u00eancias que disp\u00f5em desse tipo de espa\u00e7o os ambientes internos s\u00e3o mais preservados.<\/p>\n<h6>Refer\u00eancia Bibliogr\u00e1fica &#8211; Alexander, C. F.-1980.<\/h6>\n","protected":false},"excerpt":{"rendered":"<p>Nos tempos pr\u00e9- hist\u00f3ricos, em que a sociedade nem mesmo existia, o homem j\u00e1 delimitava o seu territ\u00f3rio. Desde ent\u00e3o, a entrada constitui a no\u00e7\u00e3o do espa\u00e7o mais importante. \u00c9 o primeiro eixo de oposi\u00e7\u00f5es do espa\u00e7o arquitetural, utilizado para separar dois mundos ( o externo e o interno) e dois modos de ser: o<\/p>\n<footer class=\"entry-footer index-entry\">\n<div class=\"post-social pull-left\"><a href=\"https:\/\/www.facebook.com\/sharer\/sharer.php?u=https%3A%2F%2Fcarlamago.com.br%2Fblog%2F%3Fp%3D591\" target=\"_blank\" class=\"social-icons\"><i class=\"fa fa-facebook\" aria-hidden=\"true\"><\/i><\/a><a href=\"https:\/\/twitter.com\/home?status=https%3A%2F%2Fcarlamago.com.br%2Fblog%2F%3Fp%3D591\" target=\"_blank\" class=\"social-icons\"><i class=\"fa fa-twitter\" aria-hidden=\"true\"><\/i><\/a><a href=\"https:\/\/www.linkedin.com\/shareArticle?mini=true&#038;url=https%3A%2F%2Fcarlamago.com.br%2Fblog%2F%3Fp%3D591&#038;title=%26%238220%3BHall%26%238221%3B-+separando+dois+mundos.\" target=\"_blank\" class=\"social-icons\"><i class=\"fa fa-linkedin\" aria-hidden=\"true\"><\/i><\/a><\/div>\n<p class=\"link-more\"><a href=\"https:\/\/carlamago.com.br\/blog\/?p=591\" class=\"more-link\">Continue reading <span class=\"meta-nav\">\u2192<\/span><\/a><\/p>\n<\/footer>\n","protected":false},"author":2,"featured_media":0,"comment_status":"open","ping_status":"open","sticky":false,"template":"","format":"standard","meta":[],"categories":[3,8,12],"tags":[],"_links":{"self":[{"href":"https:\/\/carlamago.com.br\/blog\/index.php?rest_route=\/wp\/v2\/posts\/591"}],"collection":[{"href":"https:\/\/carlamago.com.br\/blog\/index.php?rest_route=\/wp\/v2\/posts"}],"about":[{"href":"https:\/\/carlamago.com.br\/blog\/index.php?rest_route=\/wp\/v2\/types\/post"}],"author":[{"embeddable":true,"href":"https:\/\/carlamago.com.br\/blog\/index.php?rest_route=\/wp\/v2\/users\/2"}],"replies":[{"embeddable":true,"href":"https:\/\/carlamago.com.br\/blog\/index.php?rest_route=%2Fwp%2Fv2%2Fcomments&post=591"}],"version-history":[{"count":0,"href":"https:\/\/carlamago.com.br\/blog\/index.php?rest_route=\/wp\/v2\/posts\/591\/revisions"}],"wp:attachment":[{"href":"https:\/\/carlamago.com.br\/blog\/index.php?rest_route=%2Fwp%2Fv2%2Fmedia&parent=591"}],"wp:term":[{"taxonomy":"category","embeddable":true,"href":"https:\/\/carlamago.com.br\/blog\/index.php?rest_route=%2Fwp%2Fv2%2Fcategories&post=591"},{"taxonomy":"post_tag","embeddable":true,"href":"https:\/\/carlamago.com.br\/blog\/index.php?rest_route=%2Fwp%2Fv2%2Ftags&post=591"}],"curies":[{"name":"wp","href":"https:\/\/api.w.org\/{rel}","templated":true}]}}