{"id":6887,"date":"2021-03-23T18:14:00","date_gmt":"2021-03-23T21:14:00","guid":{"rendered":"http:\/\/carlamago.com.br\/blog\/?p=6887"},"modified":"2021-03-25T18:18:04","modified_gmt":"2021-03-25T21:18:04","slug":"responsabilidades-pessoais-geram-melhorias-no-planeta","status":"publish","type":"post","link":"https:\/\/carlamago.com.br\/blog\/?p=6887","title":{"rendered":"Responsabilidades pessoais geram melhorias no Planeta!"},"content":{"rendered":"\n<figure class=\"wp-block-gallery columns-1 is-cropped\"><ul class=\"blocks-gallery-grid\"><li class=\"blocks-gallery-item\"><figure><img loading=\"lazy\" width=\"640\" height=\"640\" src=\"https:\/\/carlamago.com.br\/blog\/wp-content\/uploads\/2021\/03\/163646843_3709476372506188_5831557976691718811_n.jpg\" alt=\"\" data-id=\"6888\" data-link=\"https:\/\/carlamago.com.br\/blog\/?attachment_id=6888\" class=\"wp-image-6888\"\/><\/figure><\/li><\/ul><\/figure>\n\n\n\n<p>Observando o micro, levando em conta o planeta como macro e os elementos, ou seja, o fogo, a terra, a \u00e1gua e o ar como regentes de liga\u00e7\u00e3o desses dois polos.<\/p>\n\n\n\n<p>A \u00e1gua que existe no corpo humano (micro) e que se potencializa de emo\u00e7\u00f5es \u00e9 a mesma que vibra no macro, nos mares e rios. O ar que impregnamos de pensamentos nascidos de nossa mente \u00e9 o mesmo que transporta seres vis\u00edveis e invis\u00edveis, inclusive v\u00edrus. O fogo \u00e9 o nosso entusiasmo, o nosso sentir, a terra \u00e9 o nosso ch\u00e3o, nosso &#8220;porto seguro&#8221; materializado.<\/p>\n\n\n\n<p>E tudo isso para dizer o quanto somos respons\u00e1veis pelo que pensamos, sentimos, projetamos e materializamos. Na frase &#8230; tudo que queremos ver transformado no macro come\u00e7a aqui, no micro, \u00e9 exatamente isso &#8230;\u00e9 a necessidade de realizarmos nossa reforma interior &#8230; \u00e9 o &#8220;orai e vigiai &#8221; para que atrav\u00e9s dos processos individuais curados, cada qual no seu, possamos alterar como consequ\u00eancia o todo.<\/p>\n\n\n\n<p>Se pud\u00e9ssemos ver toda a mat\u00e9ria dissolvida, enxergar\u00edamos a foto desse momento e a grande necessidade de mudar o padr\u00e3o negativo que vem dos medos, da ignor\u00e2ncia, dos conflitos, da raiva, das m\u00e1goas e de tudo que carregamos nos nossos corpos regidos por esses elementos.<\/p>\n\n\n\n<p>E o que essa ilustra\u00e7\u00e3o tem a ver com tudo isso?<\/p>\n\n\n\n<p>Primeiro &#8230;esse \u00e9 um detalhe de um quarto que projetamos e que eu adoro!<\/p>\n\n\n\n<p>Segundo &#8230;que esse local (quarto) seja de descanso e de regenera\u00e7\u00e3o dos nossos corpos f\u00edsico, et\u00e9rico, emocional e mental.<\/p>\n\n\n\n<p>Terceiro : Que a luz da consci\u00eancia possa trazer o acolhimento dessas quest\u00f5es citadas, valorizando os terapeutas qualificados para nos ajudar nesses processos, lembrando que todo cuidador ( me incluo) tamb\u00e9m necessita de um cuidador. ( eu tenho os meus ! )<\/p>\n","protected":false},"excerpt":{"rendered":"<p>Observando o micro, levando em conta o planeta como macro e os elementos, ou seja, o fogo, a terra, a \u00e1gua e o ar como regentes de liga\u00e7\u00e3o desses dois polos. A \u00e1gua que existe no corpo humano (micro) e que se potencializa de emo\u00e7\u00f5es \u00e9 a mesma que vibra no macro, nos mares e<\/p>\n<footer class=\"entry-footer index-entry\">\n<div class=\"post-social pull-left\"><a href=\"https:\/\/www.facebook.com\/sharer\/sharer.php?u=https%3A%2F%2Fcarlamago.com.br%2Fblog%2F%3Fp%3D6887\" target=\"_blank\" class=\"social-icons\"><i class=\"fa fa-facebook\" aria-hidden=\"true\"><\/i><\/a><a href=\"https:\/\/twitter.com\/home?status=https%3A%2F%2Fcarlamago.com.br%2Fblog%2F%3Fp%3D6887\" target=\"_blank\" class=\"social-icons\"><i class=\"fa fa-twitter\" aria-hidden=\"true\"><\/i><\/a><a href=\"https:\/\/www.linkedin.com\/shareArticle?mini=true&#038;url=https%3A%2F%2Fcarlamago.com.br%2Fblog%2F%3Fp%3D6887&#038;title=Responsabilidades+pessoais+geram+melhorias+no+Planeta%21\" target=\"_blank\" class=\"social-icons\"><i class=\"fa fa-linkedin\" aria-hidden=\"true\"><\/i><\/a><\/div>\n<p class=\"link-more\"><a href=\"https:\/\/carlamago.com.br\/blog\/?p=6887\" class=\"more-link\">Continue reading <span class=\"meta-nav\">\u2192<\/span><\/a><\/p>\n<\/footer>\n","protected":false},"author":2,"featured_media":0,"comment_status":"open","ping_status":"open","sticky":false,"template":"","format":"standard","meta":[],"categories":[1],"tags":[],"_links":{"self":[{"href":"https:\/\/carlamago.com.br\/blog\/index.php?rest_route=\/wp\/v2\/posts\/6887"}],"collection":[{"href":"https:\/\/carlamago.com.br\/blog\/index.php?rest_route=\/wp\/v2\/posts"}],"about":[{"href":"https:\/\/carlamago.com.br\/blog\/index.php?rest_route=\/wp\/v2\/types\/post"}],"author":[{"embeddable":true,"href":"https:\/\/carlamago.com.br\/blog\/index.php?rest_route=\/wp\/v2\/users\/2"}],"replies":[{"embeddable":true,"href":"https:\/\/carlamago.com.br\/blog\/index.php?rest_route=%2Fwp%2Fv2%2Fcomments&post=6887"}],"version-history":[{"count":1,"href":"https:\/\/carlamago.com.br\/blog\/index.php?rest_route=\/wp\/v2\/posts\/6887\/revisions"}],"predecessor-version":[{"id":6889,"href":"https:\/\/carlamago.com.br\/blog\/index.php?rest_route=\/wp\/v2\/posts\/6887\/revisions\/6889"}],"wp:attachment":[{"href":"https:\/\/carlamago.com.br\/blog\/index.php?rest_route=%2Fwp%2Fv2%2Fmedia&parent=6887"}],"wp:term":[{"taxonomy":"category","embeddable":true,"href":"https:\/\/carlamago.com.br\/blog\/index.php?rest_route=%2Fwp%2Fv2%2Fcategories&post=6887"},{"taxonomy":"post_tag","embeddable":true,"href":"https:\/\/carlamago.com.br\/blog\/index.php?rest_route=%2Fwp%2Fv2%2Ftags&post=6887"}],"curies":[{"name":"wp","href":"https:\/\/api.w.org\/{rel}","templated":true}]}}