{"id":7242,"date":"2024-02-08T15:46:00","date_gmt":"2024-02-08T18:46:00","guid":{"rendered":"https:\/\/carlamago.com.br\/blog\/?p=7242"},"modified":"2024-04-17T20:41:38","modified_gmt":"2024-04-17T23:41:38","slug":"the-chosen-na-sua-sala","status":"publish","type":"post","link":"https:\/\/carlamago.com.br\/blog\/?p=7242","title":{"rendered":"The Chosen na sua SALA"},"content":{"rendered":"\n<figure class=\"wp-block-image size-large is-resized\"><img loading=\"lazy\" src=\"https:\/\/carlamago.com.br\/blog\/wp-content\/uploads\/2024\/04\/e59e3243-afc0-47de-9d6d-206cdd0a7692-1024x1016.jpg\" alt=\"\" class=\"wp-image-7243\" width=\"700\" height=\"694\" srcset=\"https:\/\/carlamago.com.br\/blog\/wp-content\/uploads\/2024\/04\/e59e3243-afc0-47de-9d6d-206cdd0a7692-1024x1016.jpg 1024w, https:\/\/carlamago.com.br\/blog\/wp-content\/uploads\/2024\/04\/e59e3243-afc0-47de-9d6d-206cdd0a7692-300x298.jpg 300w, https:\/\/carlamago.com.br\/blog\/wp-content\/uploads\/2024\/04\/e59e3243-afc0-47de-9d6d-206cdd0a7692-150x150.jpg 150w, https:\/\/carlamago.com.br\/blog\/wp-content\/uploads\/2024\/04\/e59e3243-afc0-47de-9d6d-206cdd0a7692-768x762.jpg 768w, https:\/\/carlamago.com.br\/blog\/wp-content\/uploads\/2024\/04\/e59e3243-afc0-47de-9d6d-206cdd0a7692.jpg 1080w\" sizes=\"(max-width: 700px) 100vw, 700px\" \/><\/figure>\n\n\n<p>&#8220;The Chosen&#8221;, 3 temporadas vistas aqui, nessa imagem de SALA que tem inten\u00e7\u00e3o de inspirar sua decora\u00e7\u00e3o, como incentivar assistir essa serie, caso ainda n\u00e3o tenha visto.<\/p>\n<p>De um Jesus ainda mais pr\u00f3ximo, pela forma mais despojada das conversas e do dia a dia com os disc\u00edpulos, com as crian\u00e7as e seus seguidores.<\/p>\n<p>Foram tantas li\u00e7\u00f5es, tantas curas, tantos milagres mas mesmo assim fica claro a for\u00e7a do ego e da politica se sobrepondo a harmonia, a paz e ao amor proposto por ele &#8230;e infelizmente reverberando at\u00e9 hoje, mesmo ap\u00f3s mais de 2000 anos da sua exist\u00eancia na terra.<\/p>\n<p>Fica claro tamb\u00e9m a voz que impulsiona o prop\u00f3sito e o talento individual dos ap\u00f3stolos que quando somada gera Unidade.<\/p>\n<p>As afirma\u00e7\u00f5es do Eu Sou, t\u00e3o presentes, demonstram possibilidades da busca da Mestria que capacita cada ser na conex\u00e3o com Deus.<\/p>\n<p>Gratid\u00e3o por esse presente de s\u00e9rie, com seus incr\u00edveis personagens, mas n\u00e3o posso deixar de citar aqui os meus preferidos: Jesus e Mateus.<\/p>\n<p><\/p>\n\n\n<p><\/p>\n","protected":false},"excerpt":{"rendered":"<p>&#8220;The Chosen&#8221;, 3 temporadas vistas aqui, nessa imagem de SALA que tem inten\u00e7\u00e3o de inspirar sua decora\u00e7\u00e3o, como incentivar assistir essa serie, caso ainda n\u00e3o tenha visto. De um Jesus ainda mais pr\u00f3ximo, pela forma mais despojada das conversas e do dia a dia com os disc\u00edpulos, com as crian\u00e7as e seus seguidores. Foram tantas<\/p>\n<footer class=\"entry-footer index-entry\">\n<div class=\"post-social pull-left\"><a href=\"https:\/\/www.facebook.com\/sharer\/sharer.php?u=https%3A%2F%2Fcarlamago.com.br%2Fblog%2F%3Fp%3D7242\" target=\"_blank\" class=\"social-icons\"><i class=\"fa fa-facebook\" aria-hidden=\"true\"><\/i><\/a><a href=\"https:\/\/twitter.com\/home?status=https%3A%2F%2Fcarlamago.com.br%2Fblog%2F%3Fp%3D7242\" target=\"_blank\" class=\"social-icons\"><i class=\"fa fa-twitter\" aria-hidden=\"true\"><\/i><\/a><a href=\"https:\/\/www.linkedin.com\/shareArticle?mini=true&#038;url=https%3A%2F%2Fcarlamago.com.br%2Fblog%2F%3Fp%3D7242&#038;title=The+Chosen+na+sua+SALA\" target=\"_blank\" class=\"social-icons\"><i class=\"fa fa-linkedin\" aria-hidden=\"true\"><\/i><\/a><\/div>\n<p class=\"link-more\"><a href=\"https:\/\/carlamago.com.br\/blog\/?p=7242\" class=\"more-link\">Continue reading <span class=\"meta-nav\">\u2192<\/span><\/a><\/p>\n<\/footer>\n","protected":false},"author":2,"featured_media":0,"comment_status":"open","ping_status":"open","sticky":false,"template":"","format":"standard","meta":[],"categories":[1],"tags":[],"_links":{"self":[{"href":"https:\/\/carlamago.com.br\/blog\/index.php?rest_route=\/wp\/v2\/posts\/7242"}],"collection":[{"href":"https:\/\/carlamago.com.br\/blog\/index.php?rest_route=\/wp\/v2\/posts"}],"about":[{"href":"https:\/\/carlamago.com.br\/blog\/index.php?rest_route=\/wp\/v2\/types\/post"}],"author":[{"embeddable":true,"href":"https:\/\/carlamago.com.br\/blog\/index.php?rest_route=\/wp\/v2\/users\/2"}],"replies":[{"embeddable":true,"href":"https:\/\/carlamago.com.br\/blog\/index.php?rest_route=%2Fwp%2Fv2%2Fcomments&post=7242"}],"version-history":[{"count":4,"href":"https:\/\/carlamago.com.br\/blog\/index.php?rest_route=\/wp\/v2\/posts\/7242\/revisions"}],"predecessor-version":[{"id":7301,"href":"https:\/\/carlamago.com.br\/blog\/index.php?rest_route=\/wp\/v2\/posts\/7242\/revisions\/7301"}],"wp:attachment":[{"href":"https:\/\/carlamago.com.br\/blog\/index.php?rest_route=%2Fwp%2Fv2%2Fmedia&parent=7242"}],"wp:term":[{"taxonomy":"category","embeddable":true,"href":"https:\/\/carlamago.com.br\/blog\/index.php?rest_route=%2Fwp%2Fv2%2Fcategories&post=7242"},{"taxonomy":"post_tag","embeddable":true,"href":"https:\/\/carlamago.com.br\/blog\/index.php?rest_route=%2Fwp%2Fv2%2Ftags&post=7242"}],"curies":[{"name":"wp","href":"https:\/\/api.w.org\/{rel}","templated":true}]}}