{"id":7335,"date":"2024-04-22T20:04:12","date_gmt":"2024-04-22T23:04:12","guid":{"rendered":"https:\/\/carlamago.com.br\/blog\/?p=7335"},"modified":"2024-04-22T20:04:12","modified_gmt":"2024-04-22T23:04:12","slug":"dia-da-terra","status":"publish","type":"post","link":"https:\/\/carlamago.com.br\/blog\/?p=7335","title":{"rendered":"Dia da TERRA"},"content":{"rendered":"\n<figure class=\"wp-block-image size-large\"><img loading=\"lazy\" width=\"992\" height=\"1024\" src=\"https:\/\/carlamago.com.br\/blog\/wp-content\/uploads\/2024\/04\/561f2238-3ab6-47ed-b1ad-e987ce39f6b4-992x1024.jpg\" alt=\"\" class=\"wp-image-7336\" srcset=\"https:\/\/carlamago.com.br\/blog\/wp-content\/uploads\/2024\/04\/561f2238-3ab6-47ed-b1ad-e987ce39f6b4-992x1024.jpg 992w, https:\/\/carlamago.com.br\/blog\/wp-content\/uploads\/2024\/04\/561f2238-3ab6-47ed-b1ad-e987ce39f6b4-291x300.jpg 291w, https:\/\/carlamago.com.br\/blog\/wp-content\/uploads\/2024\/04\/561f2238-3ab6-47ed-b1ad-e987ce39f6b4-768x793.jpg 768w, https:\/\/carlamago.com.br\/blog\/wp-content\/uploads\/2024\/04\/561f2238-3ab6-47ed-b1ad-e987ce39f6b4.jpg 1080w\" sizes=\"(max-width: 992px) 100vw, 992px\" \/><\/figure>\n\n\n\n<p>Casa, temos 3 &#8230;Casa corpo, Casa lar, Casa planeta.<\/p>\n\n\n\n<p>Elas s\u00e3o interdependentes e uma reflete na outra!<\/p>\n\n\n\n<p>O nosso corpo \u00e9 regido pelos mesmos elementos do Planeta, ou seja, terra, fogo, \u00e1gua e ar.<br>Quando estou desequilibrada emocionalmente por exemplo, a vibra\u00e7\u00e3o das minhas m\u00e1s \u00e1guas refletem nas \u00e1guas dos rios, dos mares, que recebem a carga da jun\u00e7\u00e3o das nossas emo\u00e7\u00f5es como humanidade, num ponto que realmente pode acontecer um tsunami &#8230;e muitas vezes achamos que n\u00e3o temos nada a ver com isso!<\/p>\n\n\n\n<p>O CUIDADO com os nossos corpos f\u00edsico (corpo\/ mat\u00e9ria-terra), et\u00e9rico (lembran\u00e7as\/ carma\/ espiritual-fogo), emocional (emoc\u00f5es-\u00e1gua) e mental (pensamento-ar) \u00e9 fundamental !<\/p>\n\n\n\n<p>E o CUIDADO com a nossa Casa lar?<br>Na organiza\u00e7\u00e3o, limpeza, harmonia dos elementos (representada pelas cores, simbologias e materiais), ventila\u00e7\u00e3o, ilumina\u00e7\u00e3o, aromas, som, descarte do lixo, sustentabilidade &#8230;todos esses temas causam impacto no Planeta.<\/p>\n\n\n\n<p>E quando ou\u00e7o que hoje \u00e9 o dia que se comemora o Dia da Terra me vem essas reflex\u00f5es e de como posso fazer minha parte no micro com outras consci\u00eancias para que juntos possamos reverberar algo bom para o macro!<\/p>\n\n\n\n<p>Dentro das nossas responsabilidades pessoais com nossas 3 casas, reconhecer os nossos talentos e como podemos atuar como volunt\u00e1rio ou profissionalmente para o SERVIR, pode ser essencial para contribuir nesse processo evolutivo e nesse amor pela Pachamama.<\/p>\n\n\n\n<p>Eu trabalho com Radiestesia na sa\u00fade e integra\u00e7\u00e3o dos 4 corpos, trabalho com os espa\u00e7os tamb\u00e9m (Design de Interiores e Terapia de ambientes) e canto m\u00fasicas que tem a inten\u00e7\u00e3o de ampliar a consci\u00eancia reverberando o Bem, o Belo e a Luz!<\/p>\n\n\n\n<p>Vibrando o perfeito padr\u00e3o at\u00f4mico para ela!!! \ud83d\ude4c\ud83c\udf0d\ud83d\ude4c<\/p>\n","protected":false},"excerpt":{"rendered":"<p>Casa, temos 3 &#8230;Casa corpo, Casa lar, Casa planeta. Elas s\u00e3o interdependentes e uma reflete na outra! O nosso corpo \u00e9 regido pelos mesmos elementos do Planeta, ou seja, terra, fogo, \u00e1gua e ar.Quando estou desequilibrada emocionalmente por exemplo, a vibra\u00e7\u00e3o das minhas m\u00e1s \u00e1guas refletem nas \u00e1guas dos rios, dos mares, que recebem a<\/p>\n<footer class=\"entry-footer index-entry\">\n<div class=\"post-social pull-left\"><a href=\"https:\/\/www.facebook.com\/sharer\/sharer.php?u=https%3A%2F%2Fcarlamago.com.br%2Fblog%2F%3Fp%3D7335\" target=\"_blank\" class=\"social-icons\"><i class=\"fa fa-facebook\" aria-hidden=\"true\"><\/i><\/a><a href=\"https:\/\/twitter.com\/home?status=https%3A%2F%2Fcarlamago.com.br%2Fblog%2F%3Fp%3D7335\" target=\"_blank\" class=\"social-icons\"><i class=\"fa fa-twitter\" aria-hidden=\"true\"><\/i><\/a><a href=\"https:\/\/www.linkedin.com\/shareArticle?mini=true&#038;url=https%3A%2F%2Fcarlamago.com.br%2Fblog%2F%3Fp%3D7335&#038;title=Dia+da+TERRA\" target=\"_blank\" class=\"social-icons\"><i class=\"fa fa-linkedin\" aria-hidden=\"true\"><\/i><\/a><\/div>\n<p class=\"link-more\"><a href=\"https:\/\/carlamago.com.br\/blog\/?p=7335\" class=\"more-link\">Continue reading <span class=\"meta-nav\">\u2192<\/span><\/a><\/p>\n<\/footer>\n","protected":false},"author":2,"featured_media":0,"comment_status":"open","ping_status":"open","sticky":false,"template":"","format":"standard","meta":[],"categories":[1],"tags":[],"_links":{"self":[{"href":"https:\/\/carlamago.com.br\/blog\/index.php?rest_route=\/wp\/v2\/posts\/7335"}],"collection":[{"href":"https:\/\/carlamago.com.br\/blog\/index.php?rest_route=\/wp\/v2\/posts"}],"about":[{"href":"https:\/\/carlamago.com.br\/blog\/index.php?rest_route=\/wp\/v2\/types\/post"}],"author":[{"embeddable":true,"href":"https:\/\/carlamago.com.br\/blog\/index.php?rest_route=\/wp\/v2\/users\/2"}],"replies":[{"embeddable":true,"href":"https:\/\/carlamago.com.br\/blog\/index.php?rest_route=%2Fwp%2Fv2%2Fcomments&post=7335"}],"version-history":[{"count":1,"href":"https:\/\/carlamago.com.br\/blog\/index.php?rest_route=\/wp\/v2\/posts\/7335\/revisions"}],"predecessor-version":[{"id":7337,"href":"https:\/\/carlamago.com.br\/blog\/index.php?rest_route=\/wp\/v2\/posts\/7335\/revisions\/7337"}],"wp:attachment":[{"href":"https:\/\/carlamago.com.br\/blog\/index.php?rest_route=%2Fwp%2Fv2%2Fmedia&parent=7335"}],"wp:term":[{"taxonomy":"category","embeddable":true,"href":"https:\/\/carlamago.com.br\/blog\/index.php?rest_route=%2Fwp%2Fv2%2Fcategories&post=7335"},{"taxonomy":"post_tag","embeddable":true,"href":"https:\/\/carlamago.com.br\/blog\/index.php?rest_route=%2Fwp%2Fv2%2Ftags&post=7335"}],"curies":[{"name":"wp","href":"https:\/\/api.w.org\/{rel}","templated":true}]}}