{"id":970,"date":"2009-09-02T20:21:27","date_gmt":"2009-09-02T22:21:27","guid":{"rendered":"http:\/\/www.carlamago.com.br\/blog\/?p=970"},"modified":"2009-09-02T20:21:27","modified_gmt":"2009-09-02T22:21:27","slug":"granja-viana-jeito-de-viver-bem","status":"publish","type":"post","link":"https:\/\/carlamago.com.br\/blog\/?p=970","title":{"rendered":"Granja Viana, jeito de viver bem !"},"content":{"rendered":"<p><img loading=\"lazy\" class=\"alignleft size-full wp-image-972\" src=\"http:\/\/carlamago.com.br\/blog\/wp-content\/uploads\/2009\/09\/julho-2009-030.jpg\" alt=\"\" width=\"269\" height=\"202\" \/>Granja Viana,\u00a0situada na\u00a0regi\u00e3o Oeste da Grande S\u00e3o Paulo, no Munic\u00edpio de Cotia,\u00a0possui um jeito especial de ser que conquista muita gente para morar e viver. Ladeada pelo remanescente da Mata Atl\u00e2ntica, possui muitas resid\u00eancias, em sua maioria protegidas dentro de condom\u00ednios que oferecem al\u00e9m de seguran\u00e7a, integra\u00e7\u00e3o com a natureza &#8230;\u00a0com ares de ch\u00e1cara, de cultivar horta e pomar &#8230; de oferecer liberdade para as crian\u00e7as brincarem &#8230; de tranquilidade.<br \/>\nO Centro da Granja oferece todo tipo de servi\u00e7o, de lojas \u00e0 pequenos shoppings,\u00a0de bares, caf\u00e9s, docerias, pizzarias \u00e0\u00a0restaurantes, de renomada escola, de um Templo Budista de primeira.(Ilustra\u00e7\u00e3o acima\u00a0:\u00a0Cerejeiras\u00a0 no jardim do Templo por Kiko)<br \/>\nTivemos o privil\u00e9gio de intervir na paisagem com\u00a0alguns projetos arquitet\u00f4nicos\u00a0e participar do crescimento com casas, shopping, docerias e mais recente, um Centro Comercial com o objetivo de proporcionar\u00a0estrutura\u00a0de trabalho\u00a0para empresas e profissionais liberais,\u00a0sem precisar de deslocamento para o grande Centro Urbano de S\u00e3o Paulo.<br \/>\nVeja foto das Edifica\u00e7\u00f5es :<br \/>\n[SLIDESHOW=23]<br \/>\nNeste post citamos o Templo Budista\u00a0Zulai, visita imperd\u00edvel que a Granja oferece, independente da religi\u00e3o.<br \/>\n&#8230; falando em Templo Budista, para\u00a0quem\u00a0\u00e9 \u00a0simpatizante como eu,\u00a0haver\u00e1 \u00a0Palestras e Retiro neste m\u00eas de setembro com\u00a0dois monges da tradi\u00e7\u00e3o do Mestre Thich Nath Hahn (Th\u00e2y), do mosteiro zen de Plum Village, na Fran\u00e7a. <strong>Palestras<\/strong> ( entrada franca com tradu\u00e7\u00e3o): dias 9 e 10, na Fnac Pinheiros, as 19:00 hs \/ <strong>Retiro<\/strong> : dias 11 \u00e0 13 de setembro no Spa Ch\u00b4an Tao em Jundia\u00ed. ( Informa\u00e7\u00f5es sobre vagas: <a href=\"mailto:sangaplenaconsci\u00eancia@gmail.com\">sangaplenaconsciencia@gmail.com<\/a> ).<br \/>\nSe quiser saber mais sobre\u00a0o Mestre zen, carinhosamente chamado de Th\u00e2y e do\u00a0Mosteiro de Plum Village , sugiro que entre no lindo blog do querido amigo Marcelo de\u00a0Abreu. <a href=\"http:\/\/compartilhandopv.blogspot.com\/\" target=\"_blank\" rel=\"noopener noreferrer\">http:\/\/compartilhandopv.blogspot.com\/<\/a><\/p>\n","protected":false},"excerpt":{"rendered":"<p>Granja Viana,\u00a0situada na\u00a0regi\u00e3o Oeste da Grande S\u00e3o Paulo, no Munic\u00edpio de Cotia,\u00a0possui um jeito especial de ser que conquista muita gente para morar e viver. Ladeada pelo remanescente da Mata Atl\u00e2ntica, possui muitas resid\u00eancias, em sua maioria protegidas dentro de condom\u00ednios que oferecem al\u00e9m de seguran\u00e7a, integra\u00e7\u00e3o com a natureza &#8230;\u00a0com ares de ch\u00e1cara, de<\/p>\n<footer class=\"entry-footer index-entry\">\n<div class=\"post-social pull-left\"><a href=\"https:\/\/www.facebook.com\/sharer\/sharer.php?u=https%3A%2F%2Fcarlamago.com.br%2Fblog%2F%3Fp%3D970\" target=\"_blank\" class=\"social-icons\"><i class=\"fa fa-facebook\" aria-hidden=\"true\"><\/i><\/a><a href=\"https:\/\/twitter.com\/home?status=https%3A%2F%2Fcarlamago.com.br%2Fblog%2F%3Fp%3D970\" target=\"_blank\" class=\"social-icons\"><i class=\"fa fa-twitter\" aria-hidden=\"true\"><\/i><\/a><a href=\"https:\/\/www.linkedin.com\/shareArticle?mini=true&#038;url=https%3A%2F%2Fcarlamago.com.br%2Fblog%2F%3Fp%3D970&#038;title=Granja+Viana%2C+jeito+de+viver+bem+%21\" target=\"_blank\" class=\"social-icons\"><i class=\"fa fa-linkedin\" aria-hidden=\"true\"><\/i><\/a><\/div>\n<p class=\"link-more\"><a href=\"https:\/\/carlamago.com.br\/blog\/?p=970\" class=\"more-link\">Continue reading <span class=\"meta-nav\">\u2192<\/span><\/a><\/p>\n<\/footer>\n","protected":false},"author":2,"featured_media":0,"comment_status":"open","ping_status":"open","sticky":false,"template":"","format":"standard","meta":[],"categories":[3,7,11],"tags":[],"_links":{"self":[{"href":"https:\/\/carlamago.com.br\/blog\/index.php?rest_route=\/wp\/v2\/posts\/970"}],"collection":[{"href":"https:\/\/carlamago.com.br\/blog\/index.php?rest_route=\/wp\/v2\/posts"}],"about":[{"href":"https:\/\/carlamago.com.br\/blog\/index.php?rest_route=\/wp\/v2\/types\/post"}],"author":[{"embeddable":true,"href":"https:\/\/carlamago.com.br\/blog\/index.php?rest_route=\/wp\/v2\/users\/2"}],"replies":[{"embeddable":true,"href":"https:\/\/carlamago.com.br\/blog\/index.php?rest_route=%2Fwp%2Fv2%2Fcomments&post=970"}],"version-history":[{"count":0,"href":"https:\/\/carlamago.com.br\/blog\/index.php?rest_route=\/wp\/v2\/posts\/970\/revisions"}],"wp:attachment":[{"href":"https:\/\/carlamago.com.br\/blog\/index.php?rest_route=%2Fwp%2Fv2%2Fmedia&parent=970"}],"wp:term":[{"taxonomy":"category","embeddable":true,"href":"https:\/\/carlamago.com.br\/blog\/index.php?rest_route=%2Fwp%2Fv2%2Fcategories&post=970"},{"taxonomy":"post_tag","embeddable":true,"href":"https:\/\/carlamago.com.br\/blog\/index.php?rest_route=%2Fwp%2Fv2%2Ftags&post=970"}],"curies":[{"name":"wp","href":"https:\/\/api.w.org\/{rel}","templated":true}]}}